{"id":30045,"date":"2008-01-09T19:21:33","date_gmt":"2008-01-09T19:21:33","guid":{"rendered":"http:\/\/archiv.szolnoktv.hu\/?p=30045"},"modified":"2021-11-17T11:06:09","modified_gmt":"2021-11-17T11:06:09","slug":"civilbal","status":"publish","type":"post","link":"http:\/\/archiv.szolnoktv.hu\/?p=30045","title":{"rendered":"Civilb\u00e1l"},"content":{"rendered":"<div class='booster-block booster-read-block'><\/div><p>B\u00e1lok b\u00e1lja. Els\u0151 alkalommal rendeznek civil b\u00e1lt Szolnokon. Janu\u00e1r 26-\u00e1n az Aba Nov\u00e1k Kultur\u00e1lis K\u00f6zpontba v\u00e1rj\u00e1k a sz\u00f3rakozni v\u00e1gy\u00f3kat. A b\u00e1l bev\u00e9tel\u00e9t a DAN-TON Kiemelten K\u00f6zhaszn\u00fa Egyes\u00fclet kapja.<br \/>\nMegy\u00e9nkben mintegy 2500, Szolnokon pedig 500 civil szervezet m\u0171k\u00f6dik. Ezek azonban t\u00f6bbnyire nem is tudnak egym\u00e1sr\u00f3l. Az els\u0151 szolnoki civil b\u00e1llal pontosan az a szervez\u0151k c\u00e9lja, hogy k\u00f6zelebb hozz\u00e1k egym\u00e1shoz a t\u00e9rs\u00e9g\u00fcnkben m\u0171k\u00f6d\u0151 civileket. A rendezv\u00e9ny m\u00e1sik fontos k\u00fcldet\u00e9se az \u00e9l\u0151zene n\u00e9pszer\u0171s\u00edt\u00e9se &#8211; hangzott el a mai t\u00e1j\u00e9koztat\u00f3n. A janu\u00e1r 26.-i b\u00e1lon egyebek mellett t\u00e1nc \u00e9s cig\u00e1nyzene, magyar n\u00f3ta, bor\u00e1rver\u00e9s, bork\u00f3stol\u00e1s, sv\u00e9dasztalos vacsora, mixer show \u00e9s sok-sok j\u00e1t\u00e9k v\u00e1rja az \u00e9rdekl\u0151d\u0151ket. A bev\u00e9telt a DAN-TON Kiemelten K\u00f6zhaszn\u00fa Egyes\u00fclet kapja, mely egyben a b\u00e1l szervez\u0151je is.<\/p>\n","protected":false},"excerpt":{"rendered":"<p>B\u00e1lok b\u00e1lja. Els\u0151 alkalommal rendeznek civil b\u00e1lt Szolnokon. Janu\u00e1r 26-\u00e1n az Aba Nov\u00e1k Kultur\u00e1lis K\u00f6zpontba v\u00e1rj\u00e1k a sz\u00f3rakozni v\u00e1gy\u00f3kat. A b\u00e1l bev\u00e9tel\u00e9t a DAN-TON Kiemelten K\u00f6zhaszn\u00fa Egyes\u00fclet kapja. Megy\u00e9nkben mintegy 2500, Szolnokon pedig 500 civil szervezet m\u0171k\u00f6dik. Ezek azonban t\u00f6bbnyire nem is tudnak egym\u00e1sr\u00f3l. Az els\u0151 szolnoki civil b\u00e1llal pontosan az a szervez\u0151k c\u00e9lja, hogy [&hellip;]<\/p>\n","protected":false},"author":2,"featured_media":0,"comment_status":"open","ping_status":"open","sticky":false,"template":"","format":"standard","meta":[],"categories":[24],"tags":[],"_links":{"self":[{"href":"http:\/\/archiv.szolnoktv.hu\/index.php?rest_route=\/wp\/v2\/posts\/30045"}],"collection":[{"href":"http:\/\/archiv.szolnoktv.hu\/index.php?rest_route=\/wp\/v2\/posts"}],"about":[{"href":"http:\/\/archiv.szolnoktv.hu\/index.php?rest_route=\/wp\/v2\/types\/post"}],"author":[{"embeddable":true,"href":"http:\/\/archiv.szolnoktv.hu\/index.php?rest_route=\/wp\/v2\/users\/2"}],"replies":[{"embeddable":true,"href":"http:\/\/archiv.szolnoktv.hu\/index.php?rest_route=%2Fwp%2Fv2%2Fcomments&post=30045"}],"version-history":[{"count":1,"href":"http:\/\/archiv.szolnoktv.hu\/index.php?rest_route=\/wp\/v2\/posts\/30045\/revisions"}],"predecessor-version":[{"id":30321,"href":"http:\/\/archiv.szolnoktv.hu\/index.php?rest_route=\/wp\/v2\/posts\/30045\/revisions\/30321"}],"wp:attachment":[{"href":"http:\/\/archiv.szolnoktv.hu\/index.php?rest_route=%2Fwp%2Fv2%2Fmedia&parent=30045"}],"wp:term":[{"taxonomy":"category","embeddable":true,"href":"http:\/\/archiv.szolnoktv.hu\/index.php?rest_route=%2Fwp%2Fv2%2Fcategories&post=30045"},{"taxonomy":"post_tag","embeddable":true,"href":"http:\/\/archiv.szolnoktv.hu\/index.php?rest_route=%2Fwp%2Fv2%2Ftags&post=30045"}],"curies":[{"name":"wp","href":"https:\/\/api.w.org\/{rel}","templated":true}]}}