{"id":30044,"date":"2008-01-09T19:18:53","date_gmt":"2008-01-09T19:18:53","guid":{"rendered":"http:\/\/archiv.szolnoktv.hu\/?p=30044"},"modified":"2021-11-17T11:06:09","modified_gmt":"2021-11-17T11:06:09","slug":"egeszsegben-erte-meg-a-szazat","status":"publish","type":"post","link":"http:\/\/archiv.szolnoktv.hu\/?p=30044","title":{"rendered":"Eg\u00e9szs\u00e9gben \u00e9rte meg a sz\u00e1zat"},"content":{"rendered":"<div class='booster-block booster-read-block'><\/div><p>120 \u00e9vig akar \u00e9lni. Tegnap k\u00f6sz\u00f6nt\u00f6tt\u00e9k sz\u00e1zadik sz\u00fclet\u00e9snapj\u00e1n Benedek Ann\u00e1t. Az id\u0151s asszony kor\u00e1t meghazudtolva \u00e9l. Mag\u00e1ra f\u0151z, mos, takar\u00edt \u00e9s ami a legfontosabb: teljesen eg\u00e9szs\u00e9ges.<br \/>\nBenedek Anna 1908. janu\u00e1r 9-\u00e9n sz\u00fcletett Erd\u00e9lyben. Hat \u00e9ves volt, amikor sz\u00fcleivel \u00e9s testv\u00e9reivel Magyarorsz\u00e1gra k\u00f6lt\u00f6ztek. Anna n\u00e9ni az\u00f3ta Szolnokon \u00e9l. Ma \u00fcnnepelte sz\u00e1zadik sz\u00fclet\u00e9snapj\u00e1t. Bar\u00e1tai, gondoz\u00f3i \u00e9s K\u00e1llay M\u00e1ria alpolg\u00e1rmester k\u00f6sz\u00f6nt\u00f6tt\u00e9k fel.A sz\u00e1z esztend\u0151s asszony hall\u00e1sa \u00e9s l\u00e1t\u00e1sa m\u00e1r nem a r\u00e9gi, de ezen k\u00edv\u00fcl semmi baja, teljesen eg\u00e9szs\u00e9ges. Mem\u00f3ri\u00e1ja is kiv\u00e1l\u00f3, boldogan eml\u00e9kszik vissza sz\u00fcleire, bar\u00e1tainak is sokat mes\u00e9l fiatals\u00e1g\u00e1r\u00f3l. Anna n\u00e9ni csal\u00e1dj\u00e1ban m\u00e1r-m\u00e1r hagyom\u00e1ny, hogy az asszonyok sok\u00e1ig \u00e9lnek. Az \u00e9desanyja \u00e9s egyik testv\u00e9re 91 \u00e9vig, nagymam\u00e1ja pedig 103 \u00e9vig \u00e9lt. A most 100 \u00e9ves n\u00e9ni is ragaszkodik a hagyom\u00e1nyokhoz. Anna n\u00e9ni teljesen eg\u00e9szs\u00e9ges. Gy\u00f3gyszert nem szed, mind\u00f6ssze reggelire 2 cent kevertet, k\u00e9t k\u00e1v\u00e9t, eb\u00e9dre pedig v\u00f6r\u00f6sboros k\u00f3l\u00e1t iszik. Azt mondja nem akar otthonba k\u00f6lt\u00f6zni, hiszen most is mag\u00e1ra f\u0151z, mos \u00e9s takar\u00edt.<\/p>\n","protected":false},"excerpt":{"rendered":"<p>120 \u00e9vig akar \u00e9lni. Tegnap k\u00f6sz\u00f6nt\u00f6tt\u00e9k sz\u00e1zadik sz\u00fclet\u00e9snapj\u00e1n Benedek Ann\u00e1t. Az id\u0151s asszony kor\u00e1t meghazudtolva \u00e9l. Mag\u00e1ra f\u0151z, mos, takar\u00edt \u00e9s ami a legfontosabb: teljesen eg\u00e9szs\u00e9ges. Benedek Anna 1908. janu\u00e1r 9-\u00e9n sz\u00fcletett Erd\u00e9lyben. Hat \u00e9ves volt, amikor sz\u00fcleivel \u00e9s testv\u00e9reivel Magyarorsz\u00e1gra k\u00f6lt\u00f6ztek. Anna n\u00e9ni az\u00f3ta Szolnokon \u00e9l. Ma \u00fcnnepelte sz\u00e1zadik sz\u00fclet\u00e9snapj\u00e1t. Bar\u00e1tai, gondoz\u00f3i \u00e9s K\u00e1llay [&hellip;]<\/p>\n","protected":false},"author":2,"featured_media":0,"comment_status":"open","ping_status":"open","sticky":false,"template":"","format":"standard","meta":[],"categories":[24],"tags":[],"_links":{"self":[{"href":"http:\/\/archiv.szolnoktv.hu\/index.php?rest_route=\/wp\/v2\/posts\/30044"}],"collection":[{"href":"http:\/\/archiv.szolnoktv.hu\/index.php?rest_route=\/wp\/v2\/posts"}],"about":[{"href":"http:\/\/archiv.szolnoktv.hu\/index.php?rest_route=\/wp\/v2\/types\/post"}],"author":[{"embeddable":true,"href":"http:\/\/archiv.szolnoktv.hu\/index.php?rest_route=\/wp\/v2\/users\/2"}],"replies":[{"embeddable":true,"href":"http:\/\/archiv.szolnoktv.hu\/index.php?rest_route=%2Fwp%2Fv2%2Fcomments&post=30044"}],"version-history":[{"count":1,"href":"http:\/\/archiv.szolnoktv.hu\/index.php?rest_route=\/wp\/v2\/posts\/30044\/revisions"}],"predecessor-version":[{"id":30322,"href":"http:\/\/archiv.szolnoktv.hu\/index.php?rest_route=\/wp\/v2\/posts\/30044\/revisions\/30322"}],"wp:attachment":[{"href":"http:\/\/archiv.szolnoktv.hu\/index.php?rest_route=%2Fwp%2Fv2%2Fmedia&parent=30044"}],"wp:term":[{"taxonomy":"category","embeddable":true,"href":"http:\/\/archiv.szolnoktv.hu\/index.php?rest_route=%2Fwp%2Fv2%2Fcategories&post=30044"},{"taxonomy":"post_tag","embeddable":true,"href":"http:\/\/archiv.szolnoktv.hu\/index.php?rest_route=%2Fwp%2Fv2%2Ftags&post=30044"}],"curies":[{"name":"wp","href":"https:\/\/api.w.org\/{rel}","templated":true}]}}