{"id":30042,"date":"2008-01-09T19:14:30","date_gmt":"2008-01-09T19:14:30","guid":{"rendered":"http:\/\/archiv.szolnoktv.hu\/?p=30042"},"modified":"2021-11-17T11:06:09","modified_gmt":"2021-11-17T11:06:09","slug":"sok-erdeklodore-szamitanak","status":"publish","type":"post","link":"http:\/\/archiv.szolnoktv.hu\/?p=30042","title":{"rendered":"Sok \u00e9rdekl\u0151d\u0151re sz\u00e1m\u00edtanak"},"content":{"rendered":"<div class='booster-block booster-read-block'><\/div><p>Ny\u00edlt lapok. A k\u00f6vetkez\u0151 hetekben bemutatja a Szolnoki F\u0151iskola, hogy milyen k\u00e9pz\u00e9ssel \u00e9s felt\u00e9telekkel v\u00e1rja 2008. szeptember\u00e9t\u0151l a di\u00e1kokat. Az els\u0151 ny\u00edlt napot ma tartott\u00e1k, de a j\u00f6v\u0151 szerd\u00e1n is v\u00e1rj\u00e1k az \u00e9rdekl\u0151d\u0151ket.<br \/>\nMintegy 200 \u00e9rdekl\u0151d\u0151 fogadta el a f\u0151iskola megh\u00edv\u00e1s\u00e1t a ny\u00edlt napra. Sokan k\u00f6z\u00fcl\u00fck m\u00e1s telep\u00fcl\u00e9sekr\u0151l \u00e9rkeztek, hogy megtudj\u00e1k, mit k\u00edn\u00e1l 2008 szeptember\u00e9t\u0151l az \u00dczleti Fakult\u00e1s. A turizmus-vend\u00e9gl\u00e1t\u00e1s mellett kereskedelem \u00e9s marketing, nemzetk\u00f6zi gazd\u00e1lkod\u00e1s valamint p\u00e9nz\u00fcgy \u00e9s sz\u00e1mvitel alapszakokat hirdet a f\u0151iskola, amit sok di\u00e1k m\u00e1sodik-harmadik helyen jel\u00f6l a jelentkez\u00e9i lapon. A jelentkez\u0151k k\u00f6z\u00f6tt jelent\u0151s a v\u00e9gz\u0151s gimnazist\u00e1k sz\u00e1ma, de nagyon magas a szakk\u00f6z\u00e9piskol\u00e1sok ar\u00e1nya is. A Szolnoki F\u0151iskol\u00e1n ugyanazt a pontsz\u00e1m\u00edt\u00e1s alkalmazz\u00e1k, mint orsz\u00e1gszerte a fels\u0151oktat\u00e1si int\u00e9zm\u00e9nyek. Nem tartanak felv\u00e9teli vizsg\u00e1t sem, azonban id\u00e9n el\u0151sz\u00f6r az \u00fagynevezett 480 pontos rendszerben sz\u00e1m\u00edtj\u00e1k a felv\u00e9teli pontokat. Ezt a k\u00f6z\u00e9piskola utols\u00f3 k\u00e9t \u00e9v\u00e9nek tanulm\u00e1nyi eredm\u00e9nyei \u00e9s az \u00e9retts\u00e9gi, valamint az int\u00e9zm\u00e9ny \u00e1ltal saj\u00e1t hat\u00e1sk\u00f6rben meghat\u00e1rozott t\u00f6bbletpontokb\u00f3l sz\u00e1m\u00edtj\u00e1k. Az emelt szint\u0171 \u00e9retts\u00e9gi vagy a nyelvtud\u00e1s p\u00e9ld\u00e1ul  ugyan\u00fagy plusz pontot hoz a konyh\u00e1ra, mint az, ha valaki kismamak\u00e9nt jelentkezik. A Szolnoki F\u0151iskola ny\u00edlt napj\u00e1n az is kider\u00fclt: a di\u00e1kok sz\u00e1m\u00e1ra vonz\u00f3 az a lehet\u0151s\u00e9g is, amit a Tiszaligetben \u00e9p\u00fcl\u0151 Campus ny\u00fajthat sz\u00e1mukra.<\/p>\n","protected":false},"excerpt":{"rendered":"<p>Ny\u00edlt lapok. A k\u00f6vetkez\u0151 hetekben bemutatja a Szolnoki F\u0151iskola, hogy milyen k\u00e9pz\u00e9ssel \u00e9s felt\u00e9telekkel v\u00e1rja 2008. szeptember\u00e9t\u0151l a di\u00e1kokat. Az els\u0151 ny\u00edlt napot ma tartott\u00e1k, de a j\u00f6v\u0151 szerd\u00e1n is v\u00e1rj\u00e1k az \u00e9rdekl\u0151d\u0151ket. Mintegy 200 \u00e9rdekl\u0151d\u0151 fogadta el a f\u0151iskola megh\u00edv\u00e1s\u00e1t a ny\u00edlt napra. Sokan k\u00f6z\u00fcl\u00fck m\u00e1s telep\u00fcl\u00e9sekr\u0151l \u00e9rkeztek, hogy megtudj\u00e1k, mit k\u00edn\u00e1l 2008 szeptember\u00e9t\u0151l [&hellip;]<\/p>\n","protected":false},"author":2,"featured_media":0,"comment_status":"open","ping_status":"open","sticky":false,"template":"","format":"standard","meta":[],"categories":[24],"tags":[],"_links":{"self":[{"href":"http:\/\/archiv.szolnoktv.hu\/index.php?rest_route=\/wp\/v2\/posts\/30042"}],"collection":[{"href":"http:\/\/archiv.szolnoktv.hu\/index.php?rest_route=\/wp\/v2\/posts"}],"about":[{"href":"http:\/\/archiv.szolnoktv.hu\/index.php?rest_route=\/wp\/v2\/types\/post"}],"author":[{"embeddable":true,"href":"http:\/\/archiv.szolnoktv.hu\/index.php?rest_route=\/wp\/v2\/users\/2"}],"replies":[{"embeddable":true,"href":"http:\/\/archiv.szolnoktv.hu\/index.php?rest_route=%2Fwp%2Fv2%2Fcomments&post=30042"}],"version-history":[{"count":1,"href":"http:\/\/archiv.szolnoktv.hu\/index.php?rest_route=\/wp\/v2\/posts\/30042\/revisions"}],"predecessor-version":[{"id":30324,"href":"http:\/\/archiv.szolnoktv.hu\/index.php?rest_route=\/wp\/v2\/posts\/30042\/revisions\/30324"}],"wp:attachment":[{"href":"http:\/\/archiv.szolnoktv.hu\/index.php?rest_route=%2Fwp%2Fv2%2Fmedia&parent=30042"}],"wp:term":[{"taxonomy":"category","embeddable":true,"href":"http:\/\/archiv.szolnoktv.hu\/index.php?rest_route=%2Fwp%2Fv2%2Fcategories&post=30042"},{"taxonomy":"post_tag","embeddable":true,"href":"http:\/\/archiv.szolnoktv.hu\/index.php?rest_route=%2Fwp%2Fv2%2Ftags&post=30042"}],"curies":[{"name":"wp","href":"https:\/\/api.w.org\/{rel}","templated":true}]}}