{"id":30040,"date":"2008-01-09T19:10:39","date_gmt":"2008-01-09T19:10:39","guid":{"rendered":"http:\/\/archiv.szolnoktv.hu\/?p=30040"},"modified":"2021-11-17T11:06:09","modified_gmt":"2021-11-17T11:06:09","slug":"nem-egyeznek-a-taczmann-vallomasok","status":"publish","type":"post","link":"http:\/\/archiv.szolnoktv.hu\/?p=30040","title":{"rendered":"Nem egyeznek a Taczmann vallom\u00e1sok"},"content":{"rendered":"<div class='booster-block booster-read-block'><\/div><p>Folytat\u00f3dott a t\u00e1rgyal\u00e1s a Taczman gyilkoss\u00e1g \u00fcgy\u00e9ben. A csaknem k\u00e9t \u00e9vvel ezel\u0151tt meg\u00f6lt vil\u00e1gbajnok fogathajt\u00f3t \u00e9s feles\u00e9g\u00e9t val\u00f3sz\u00edn\u0171leg egy reg\u00e9nyben le\u00edrtaknak megfelel\u0151en \u00f6lt\u00e9k meg.<br \/>\n2006 febru\u00e1rj\u00e1ban gyilkolt\u00e1k meg a vil\u00e1gbajnok fogathajt\u00f3 Taczman Eleket \u00e9s feles\u00e9g\u00e9t. A k\u00fcl\u00f6n\u00f6s kegyetlens\u00e9ggel elk\u00f6vetett kett\u0151s ember\u00f6l\u00e9ssel a sportol\u00f3 fi\u00e1t, ifjabb Taczman Eleket \u00e9s bar\u00e1tj\u00e1t v\u00e1dolj\u00e1k. A t\u00e1rgyal\u00e1ssorozat m\u00e1r a v\u00e9g\u00e9hez k\u00f6zeledik. A mai \u00fcl\u00e9sen a k\u00e9t v\u00e1dlott vallom\u00e1sait \u00fctk\u00f6ztett\u00e9k egym\u00e1ssal \u00e9s a kor\u00e1bban elhangzottakkal is. Ifjabb Taczman a t\u00e1rgyal\u00e1sok elej\u00e9n azt \u00e1ll\u00edtotta, hogy egyed\u00fcl \u00f6lte meg apj\u00e1t \u00e9s nevel\u0151anyj\u00e1t. Csak ezt k\u00f6vet\u0151en mondta, amit az\u00f3ta is tart, hogy az elk\u00f6vet\u00e9sben P. Tam\u00e1s is r\u00e9szt vett, s\u0151t az \u0151 kezdem\u00e9nyez\u00e9s\u00e9re hajtott\u00e1k v\u00e9gre tett\u00fcket. Kettej\u00fck \u00e1ll\u00edt\u00e1sai semmiben sem egyeznek, eltekintve kett\u0151, tal\u00e1n a legbrut\u00e1lisabb r\u00e9szlett\u0151l. Ezekr\u0151l, mint mondj\u00e1k, nem tudnak. A mai t\u00e1rgyal\u00e1son a gyilkoss\u00e1g helysz\u00edn\u00e9n k\u00e9sz\u00fclt video felv\u00e9teleket mutattak be. Az elk\u00f6vet\u00e9s alapj\u00e1ul az eddigi vizsg\u00e1latok szerint egy &#8222;Gyilkolj helyettem&#8221; c\u00edm\u0171 k\u00f6nyv szolg\u00e1lt, mely a Taczman csal\u00e1d polcain sorakozott a t\u00f6bbi k\u00f6z\u00f6tt. A szak\u00e9rt\u0151k szerint szinte a legutols\u00f3 r\u00e9szletig miden egyezik a reg\u00e9ny \u00e9s a val\u00f3s\u00e1g k\u00f6z\u00f6tt. A k\u00f6nyvr\u0151l vett DNS mint\u00e1k vizsg\u00e1lata azonban eredm\u00e9nytelen volt, \u00edgy nem lehet biztosan tudni, hogy azt az els\u0151rend\u0171 v\u00e1dlott olvasta-e. A megyei b\u00edr\u00f3s\u00e1gon legk\u00f6zelebb febru\u00e1r 6-\u00e1n t\u00e1rgyalj\u00e1k az \u00fcgyet. Akkor tartj\u00e1k a perbesz\u00e9deket is. Az \u00edt\u00e9lethirdet\u00e9s id\u0151pontja azonban egyel\u0151re ismeretlen.<\/p>\n","protected":false},"excerpt":{"rendered":"<p>Folytat\u00f3dott a t\u00e1rgyal\u00e1s a Taczman gyilkoss\u00e1g \u00fcgy\u00e9ben. A csaknem k\u00e9t \u00e9vvel ezel\u0151tt meg\u00f6lt vil\u00e1gbajnok fogathajt\u00f3t \u00e9s feles\u00e9g\u00e9t val\u00f3sz\u00edn\u0171leg egy reg\u00e9nyben le\u00edrtaknak megfelel\u0151en \u00f6lt\u00e9k meg. 2006 febru\u00e1rj\u00e1ban gyilkolt\u00e1k meg a vil\u00e1gbajnok fogathajt\u00f3 Taczman Eleket \u00e9s feles\u00e9g\u00e9t. A k\u00fcl\u00f6n\u00f6s kegyetlens\u00e9ggel elk\u00f6vetett kett\u0151s ember\u00f6l\u00e9ssel a sportol\u00f3 fi\u00e1t, ifjabb Taczman Eleket \u00e9s bar\u00e1tj\u00e1t v\u00e1dolj\u00e1k. A t\u00e1rgyal\u00e1ssorozat m\u00e1r a v\u00e9g\u00e9hez [&hellip;]<\/p>\n","protected":false},"author":2,"featured_media":0,"comment_status":"open","ping_status":"open","sticky":false,"template":"","format":"standard","meta":[],"categories":[24],"tags":[],"_links":{"self":[{"href":"http:\/\/archiv.szolnoktv.hu\/index.php?rest_route=\/wp\/v2\/posts\/30040"}],"collection":[{"href":"http:\/\/archiv.szolnoktv.hu\/index.php?rest_route=\/wp\/v2\/posts"}],"about":[{"href":"http:\/\/archiv.szolnoktv.hu\/index.php?rest_route=\/wp\/v2\/types\/post"}],"author":[{"embeddable":true,"href":"http:\/\/archiv.szolnoktv.hu\/index.php?rest_route=\/wp\/v2\/users\/2"}],"replies":[{"embeddable":true,"href":"http:\/\/archiv.szolnoktv.hu\/index.php?rest_route=%2Fwp%2Fv2%2Fcomments&post=30040"}],"version-history":[{"count":1,"href":"http:\/\/archiv.szolnoktv.hu\/index.php?rest_route=\/wp\/v2\/posts\/30040\/revisions"}],"predecessor-version":[{"id":30326,"href":"http:\/\/archiv.szolnoktv.hu\/index.php?rest_route=\/wp\/v2\/posts\/30040\/revisions\/30326"}],"wp:attachment":[{"href":"http:\/\/archiv.szolnoktv.hu\/index.php?rest_route=%2Fwp%2Fv2%2Fmedia&parent=30040"}],"wp:term":[{"taxonomy":"category","embeddable":true,"href":"http:\/\/archiv.szolnoktv.hu\/index.php?rest_route=%2Fwp%2Fv2%2Fcategories&post=30040"},{"taxonomy":"post_tag","embeddable":true,"href":"http:\/\/archiv.szolnoktv.hu\/index.php?rest_route=%2Fwp%2Fv2%2Ftags&post=30040"}],"curies":[{"name":"wp","href":"https:\/\/api.w.org\/{rel}","templated":true}]}}