{"id":30039,"date":"2008-01-09T19:03:24","date_gmt":"2008-01-09T19:03:24","guid":{"rendered":"http:\/\/archiv.szolnoktv.hu\/?p=30039"},"modified":"2021-11-17T11:06:09","modified_gmt":"2021-11-17T11:06:09","slug":"jo-helyen-a-penz","status":"publish","type":"post","link":"http:\/\/archiv.szolnoktv.hu\/?p=30039","title":{"rendered":"J\u00f3 helyen a p\u00e9nz"},"content":{"rendered":"<div class='booster-block booster-read-block'><\/div><p>\u00d6n mihez kezdene hat \u00e9s f\u00e9lmilli\u00e1rd forinttal? Szolnok- egy uni\u00f3s t\u00e1mogat\u00e1si form\u00e1nak k\u00f6sz\u00f6nhet&#245;en a k\u00f6vetkez&#245; t\u00edz \u00e9vben ennyit k\u00f6lthet v\u00e1rosfejleszt\u00e9sre.<br \/>\n\u00daj mozaiksz\u00f3val ismerkedhetnek meg a szolnokiak, az IVS- sel. Az \u00e1llamigazgat\u00e1s kereszts\u00e9g\u00e9ben az integr\u00e1lt v\u00e1rosfejleszt\u00e9si strat\u00e9gia nevet kap\u00f3 program hatmilli\u00e1rd forintn\u00e1l is t\u00f6bbet jelent. Egym\u00e1shoz kapcsol\u00f3d\u00f3 v\u00e1rosr\u00e9sz-fejleszt\u00e9si elk\u00e9pzel\u00e9sek sokas\u00e1g\u00e1t. A febru\u00e1r v\u00e9g\u00e9n megny\u00edl\u00f3 uni\u00f3s alapra csak megyei jog\u00fa v\u00e1rosok p\u00e1ly\u00e1zhatnak, azaz huszonh\u00e1rom magyarorsz\u00e1gi telep\u00fcl\u00e9s. Az \u00c9szak- Alf\u00f6ldi R\u00e9gi\u00f3ban Debrecen, Ny\u00edregyh\u00e1za \u00e9s Szolnok viselheti ezt a c\u00edmet. K\u00f6z\u00f6ss\u00e9gi eur\u00f3k sz\u00e1zmilli\u00f3ihoz azonban csak olyan v\u00e1ros juthat, amely elk\u00e9sz\u00edtette IVS- \u00e9t, azaz bizony\u00edtani tudja, hogy az uni\u00f3s t\u00e1mogat\u00e1s val\u00f3ban v\u00e1rosfejleszt\u00e9si c\u00e9lokat szolg\u00e1l. Forgalomcsillap\u00edtott \u00f6vezett\u00e9, azaz korz\u00f3v\u00e1 alak\u00edthat\u00f3 a Szap\u00e1ry \u00fat, \u00e1llat- \u00e9s vadaspark l\u00e9tes\u00edthet&#245; az Alcsi v\u00e1rosr\u00e9szben, k\u00f6rforgalom \u00e9p\u00edthet&#245; a V\u00f6r\u00f6smez&#245;- Karinthy \u00fat csatlakoz\u00e1s\u00e1n\u00e1l. \u00c9p\u00fclhetne t\u00f6bb m\u00e9lygar\u00e1zs, azaz \u00e9lhet&#245;bb lenne a v\u00e1ros, arculata meg\u00fajulna \u00fagy, hogy ezzel p\u00e1rhuzamosan gazdas\u00e1gilag is meger&#245;s\u00f6dne. A Magyar Honv\u00e9ds\u00e9g lemondott R\u00e9kasi \u00fati laktany\u00e1ir\u00f3l, ezen a ter\u00fcleten egyfajta gazdas\u00e1gi- ipari \u00f6vezet sz\u00fclethet az alakul\u00f3 terek, fegyverrakt\u00e1rak hely\u00e9n. Mindezek azonban most m\u00e9g csak elk\u00e9pzel\u00e9sek. A polg\u00e1rmesteri hivatal janu\u00e1r v\u00e9g\u00e9ig v\u00e1rja a mag\u00e1nszem\u00e9lyek, civil szervezetek javaslatait ak\u00e1r hagyom\u00e1nyos, ak\u00e1r elektronikus lev\u00e9lben. A patakif KUKACph.szolnok.hu c\u00edmre, vagy a Kossuth t\u00e9r 1 sz\u00e1mra elk\u00fcld\u00f6tt bor\u00edt\u00e9kban. Az Integr\u00e1lt V\u00e1rosfejleszt\u00e9si Strat\u00e9gia 290 oldalas dokumentuma a www.szolnok.hu oldalon is el\u00e9rhet&#245;, ezen a port\u00e1lon a m\u00e1r be\u00e9rkezett \u00e9szrev\u00e9telek, javaslatok k\u00f6z\u00f6tt is lehet b\u00f6ng\u00e9szni.<\/p>\n","protected":false},"excerpt":{"rendered":"<p>\u00d6n mihez kezdene hat \u00e9s f\u00e9lmilli\u00e1rd forinttal? Szolnok- egy uni\u00f3s t\u00e1mogat\u00e1si form\u00e1nak k\u00f6sz\u00f6nhet&#245;en a k\u00f6vetkez&#245; t\u00edz \u00e9vben ennyit k\u00f6lthet v\u00e1rosfejleszt\u00e9sre. \u00daj mozaiksz\u00f3val ismerkedhetnek meg a szolnokiak, az IVS- sel. Az \u00e1llamigazgat\u00e1s kereszts\u00e9g\u00e9ben az integr\u00e1lt v\u00e1rosfejleszt\u00e9si strat\u00e9gia nevet kap\u00f3 program hatmilli\u00e1rd forintn\u00e1l is t\u00f6bbet jelent. Egym\u00e1shoz kapcsol\u00f3d\u00f3 v\u00e1rosr\u00e9sz-fejleszt\u00e9si elk\u00e9pzel\u00e9sek sokas\u00e1g\u00e1t. A febru\u00e1r v\u00e9g\u00e9n megny\u00edl\u00f3 uni\u00f3s alapra [&hellip;]<\/p>\n","protected":false},"author":2,"featured_media":0,"comment_status":"open","ping_status":"open","sticky":false,"template":"","format":"standard","meta":[],"categories":[24],"tags":[],"_links":{"self":[{"href":"http:\/\/archiv.szolnoktv.hu\/index.php?rest_route=\/wp\/v2\/posts\/30039"}],"collection":[{"href":"http:\/\/archiv.szolnoktv.hu\/index.php?rest_route=\/wp\/v2\/posts"}],"about":[{"href":"http:\/\/archiv.szolnoktv.hu\/index.php?rest_route=\/wp\/v2\/types\/post"}],"author":[{"embeddable":true,"href":"http:\/\/archiv.szolnoktv.hu\/index.php?rest_route=\/wp\/v2\/users\/2"}],"replies":[{"embeddable":true,"href":"http:\/\/archiv.szolnoktv.hu\/index.php?rest_route=%2Fwp%2Fv2%2Fcomments&post=30039"}],"version-history":[{"count":1,"href":"http:\/\/archiv.szolnoktv.hu\/index.php?rest_route=\/wp\/v2\/posts\/30039\/revisions"}],"predecessor-version":[{"id":30327,"href":"http:\/\/archiv.szolnoktv.hu\/index.php?rest_route=\/wp\/v2\/posts\/30039\/revisions\/30327"}],"wp:attachment":[{"href":"http:\/\/archiv.szolnoktv.hu\/index.php?rest_route=%2Fwp%2Fv2%2Fmedia&parent=30039"}],"wp:term":[{"taxonomy":"category","embeddable":true,"href":"http:\/\/archiv.szolnoktv.hu\/index.php?rest_route=%2Fwp%2Fv2%2Fcategories&post=30039"},{"taxonomy":"post_tag","embeddable":true,"href":"http:\/\/archiv.szolnoktv.hu\/index.php?rest_route=%2Fwp%2Fv2%2Ftags&post=30039"}],"curies":[{"name":"wp","href":"https:\/\/api.w.org\/{rel}","templated":true}]}}