{"id":30038,"date":"2008-01-08T18:59:18","date_gmt":"2008-01-08T18:59:18","guid":{"rendered":"http:\/\/archiv.szolnoktv.hu\/?p=30038"},"modified":"2021-11-17T11:06:10","modified_gmt":"2021-11-17T11:06:10","slug":"meg-nem-jarvany","status":"publish","type":"post","link":"http:\/\/archiv.szolnoktv.hu\/?p=30038","title":{"rendered":"M\u00e9g nem j\u00e1rv\u00e1ny"},"content":{"rendered":"<div class='booster-block booster-read-block'><\/div><p>Id\u00e9n t\u00f6bb beteg lesz. Az idei influenzav\u00edrus nemcsak a gyermekekre \u00e9s az id\u0151sekre vesz\u00e9lyes, hanem minden koroszt\u00e1lyra. Ugyan j\u00e1rv\u00e1nyr\u00f3l egyel\u0151re m\u00e9g nem lehet besz\u00e9lni, a megbeteged\u00e9sek sz\u00e1ma egy h\u00e9t alatt a dupl\u00e1j\u00e1ra n\u0151tt megy\u00e9nkben.<br \/>\nId\u00e9n v\u00e1rhat\u00f3an t\u00f6bben betegednek meg influenz\u00e1ban, mint az elm\u00falt \u00e9vekben. Most ugyanis egy \u00faj alt\u00edpus &#8211; az \u00fagynevezett Salamon-szigeteki v\u00edrus t\u00e1mad, amely nemcsak a kisgyermekekre \u00e9s az id\u0151sekre, hanem minden koroszt\u00e1lyra egyar\u00e1nt vesz\u00e9lyes. Az \u00c1NTSZ J\u00e1rv\u00e1ny\u00fcgyi Oszt\u00e1lya folyamatosan vizsg\u00e1lja az influenzaszer\u0171 megbeteged\u00e9seket. Az influenza-figyel\u0151 szolg\u00e1lathoz id\u00e9n 53 orvos csatlakozott megyeszerte. A legfrissebb adatok szerint egy h\u00e9t alatt dupl\u00e1j\u00e1ra n\u0151tt az influenz\u00e1s megbeteged\u00e9sek sz\u00e1ma. J\u00e1rv\u00e1ny azonban m\u00e9g nincs. Az \u00c1NTSZ adatai szerint megy\u00e9nk 407 ezer lakos\u00e1nak mind\u00f6ssze a nulla eg\u00e9sz egy tized sz\u00e1zal\u00e9ka szenved a v\u00edrust\u00f3l. Amely v\u00e9d\u0151olt\u00e1ssal megel\u0151zhet\u0151. Az es\u0151s, olykor enyhe id\u0151j\u00e1r\u00e1s hozz\u00e1j\u00e1rul a v\u00edrus terjed\u00e9s\u00e9hez. Az orvosok szerint az immunrendszer er\u0151s\u00edt\u00e9s\u00e9vel elker\u00fclhet\u0151 a v\u00edrus. Ehhez sok gy\u00fcm\u00f6lcs\u00f6t \u00e9s z\u00f6lds\u00e9get kell fogyasztani, rengeteget kell pihenni \u00e9s el kell ker\u00fclni a t\u00f6megk\u00f6zleked\u00e9si eszk\u00f6z\u00f6ket. <\/p>\n","protected":false},"excerpt":{"rendered":"<p>Id\u00e9n t\u00f6bb beteg lesz. Az idei influenzav\u00edrus nemcsak a gyermekekre \u00e9s az id\u0151sekre vesz\u00e9lyes, hanem minden koroszt\u00e1lyra. Ugyan j\u00e1rv\u00e1nyr\u00f3l egyel\u0151re m\u00e9g nem lehet besz\u00e9lni, a megbeteged\u00e9sek sz\u00e1ma egy h\u00e9t alatt a dupl\u00e1j\u00e1ra n\u0151tt megy\u00e9nkben. Id\u00e9n v\u00e1rhat\u00f3an t\u00f6bben betegednek meg influenz\u00e1ban, mint az elm\u00falt \u00e9vekben. Most ugyanis egy \u00faj alt\u00edpus &#8211; az \u00fagynevezett Salamon-szigeteki v\u00edrus t\u00e1mad, [&hellip;]<\/p>\n","protected":false},"author":2,"featured_media":0,"comment_status":"open","ping_status":"open","sticky":false,"template":"","format":"standard","meta":[],"categories":[24],"tags":[],"_links":{"self":[{"href":"http:\/\/archiv.szolnoktv.hu\/index.php?rest_route=\/wp\/v2\/posts\/30038"}],"collection":[{"href":"http:\/\/archiv.szolnoktv.hu\/index.php?rest_route=\/wp\/v2\/posts"}],"about":[{"href":"http:\/\/archiv.szolnoktv.hu\/index.php?rest_route=\/wp\/v2\/types\/post"}],"author":[{"embeddable":true,"href":"http:\/\/archiv.szolnoktv.hu\/index.php?rest_route=\/wp\/v2\/users\/2"}],"replies":[{"embeddable":true,"href":"http:\/\/archiv.szolnoktv.hu\/index.php?rest_route=%2Fwp%2Fv2%2Fcomments&post=30038"}],"version-history":[{"count":1,"href":"http:\/\/archiv.szolnoktv.hu\/index.php?rest_route=\/wp\/v2\/posts\/30038\/revisions"}],"predecessor-version":[{"id":30328,"href":"http:\/\/archiv.szolnoktv.hu\/index.php?rest_route=\/wp\/v2\/posts\/30038\/revisions\/30328"}],"wp:attachment":[{"href":"http:\/\/archiv.szolnoktv.hu\/index.php?rest_route=%2Fwp%2Fv2%2Fmedia&parent=30038"}],"wp:term":[{"taxonomy":"category","embeddable":true,"href":"http:\/\/archiv.szolnoktv.hu\/index.php?rest_route=%2Fwp%2Fv2%2Fcategories&post=30038"},{"taxonomy":"post_tag","embeddable":true,"href":"http:\/\/archiv.szolnoktv.hu\/index.php?rest_route=%2Fwp%2Fv2%2Ftags&post=30038"}],"curies":[{"name":"wp","href":"https:\/\/api.w.org\/{rel}","templated":true}]}}