{"id":30037,"date":"2008-01-08T18:57:31","date_gmt":"2008-01-08T18:57:31","guid":{"rendered":"http:\/\/archiv.szolnoktv.hu\/?p=30037"},"modified":"2021-11-17T11:06:10","modified_gmt":"2021-11-17T11:06:10","slug":"emlektabla-wass-albert-tiszteletere","status":"publish","type":"post","link":"http:\/\/archiv.szolnoktv.hu\/?p=30037","title":{"rendered":"Eml\u00e9kt\u00e1bla Wass Albert tisztelet\u00e9re"},"content":{"rendered":"<div class='booster-block booster-read-block'><\/div><p>100 \u00e9ve sz\u00fcletett Wass Albert, erd\u00e9lyi sz\u00fclet\u00e9s\u0171 \u00edr\u00f3, ez\u00e9rt az orsz\u00e1g t\u00f6bb pontj\u00e1n tartottak ma megeml\u00e9kez\u00e9st. Szolnok v\u00e1ros vezet\u0151i, eml\u00e9kt\u00e1bl\u00e1val tisztelegtek a neves \u00edr\u00f3 el\u0151tt, amelyet \u00fcnnep\u00e9lyes keretek k\u00f6z\u00f6tt a Verseghy Ferenc Megyei K\u00f6nyvt\u00e1r fal\u00e1n helyeztek el.<br \/>\nWass Albert az erd\u00e9lyi magyar irodalom Magyarorsz\u00e1gon elfeledett, majd hal\u00e1la ut\u00e1n \u00fajra felfedezett alakja. 1908. janu\u00e1r 8-\u00e1n sz\u00fcletett V\u00e1lasz\u00faton. P\u00e1lyakezd\u0151 versesk\u00f6tetei az 1920-as \u00e9vek v\u00e9g\u00e9n jelentek meg. Egy id\u0151re szak\u00edtott az irodalommal, de 1934-ben kiadott, Farkasverem c\u00edm\u0171, Baumgarten-d\u00edjjal jutalmazott reg\u00e9nye siker\u00e9t k\u00f6vet\u0151en t\u00f6bb, a korabeli Erd\u00e9ly jelen\u00e9vel \u00e9s reg\u00e9nyes m\u00faltj\u00e1val foglalkoz\u00f3 k\u00f6nyve jelent meg, k\u00f6zt\u00fck A tizenh\u00e1rom almafa. A II. vil\u00e1gh\u00e1bor\u00fa v\u00e9g\u00e9n nyugatra emigr\u00e1lt. 1952-ig N\u00e9metorsz\u00e1gban, majd hal\u00e1l\u00e1ig, 1998. febru\u00e1r 17-ig az Egyes\u00fclt \u00c1llamokban \u00e9lt. Hangad\u00f3 szerepet t\u00f6lt\u00f6tt be a magyar szellemi emigr\u00e1ci\u00f3 \u00e9let\u00e9ben. Ceausescu eln\u00f6ks\u00e9g\u00e9nek \u00e9veiben Rom\u00e1ni\u00e1ban k\u00f6nyveit betiltott\u00e1k. Wass Albert a rendszerv\u00e1ltoz\u00e1sig Magyarorsz\u00e1gon szinte teljesen ismeretlen volt, m\u0171vei csak az\u00f3ta jelenhetnek meg. N\u00e9pszer\u0171s\u00e9ge folyamatosan n\u00f6vekszik, m\u00e1ra a legolvasottabb magyar \u00edr\u00f3k k\u00f6z\u00e9 tartozik. Az \u00edr\u00f3 1993-ban a Magyar K\u00f6zt\u00e1rsas\u00e1gi \u00c9rdemrend K\u00f6z\u00e9pkeresztj\u00e9t, 1999-ben posztumusz Magyar \u00d6r\u00f6ks\u00e9g-d\u00edjat, 2003-ban alternat\u00edv Kossuth-d\u00edjat kapott. A szolnoki Damjanich m\u00fazeum fal\u00e1n elhelyezett t\u00e1bla az \u0151 eml\u00e9ke el\u0151tt tiszteleg.<\/p>\n","protected":false},"excerpt":{"rendered":"<p>100 \u00e9ve sz\u00fcletett Wass Albert, erd\u00e9lyi sz\u00fclet\u00e9s\u0171 \u00edr\u00f3, ez\u00e9rt az orsz\u00e1g t\u00f6bb pontj\u00e1n tartottak ma megeml\u00e9kez\u00e9st. Szolnok v\u00e1ros vezet\u0151i, eml\u00e9kt\u00e1bl\u00e1val tisztelegtek a neves \u00edr\u00f3 el\u0151tt, amelyet \u00fcnnep\u00e9lyes keretek k\u00f6z\u00f6tt a Verseghy Ferenc Megyei K\u00f6nyvt\u00e1r fal\u00e1n helyeztek el. Wass Albert az erd\u00e9lyi magyar irodalom Magyarorsz\u00e1gon elfeledett, majd hal\u00e1la ut\u00e1n \u00fajra felfedezett alakja. 1908. janu\u00e1r 8-\u00e1n sz\u00fcletett [&hellip;]<\/p>\n","protected":false},"author":2,"featured_media":0,"comment_status":"open","ping_status":"open","sticky":false,"template":"","format":"standard","meta":[],"categories":[24],"tags":[],"_links":{"self":[{"href":"http:\/\/archiv.szolnoktv.hu\/index.php?rest_route=\/wp\/v2\/posts\/30037"}],"collection":[{"href":"http:\/\/archiv.szolnoktv.hu\/index.php?rest_route=\/wp\/v2\/posts"}],"about":[{"href":"http:\/\/archiv.szolnoktv.hu\/index.php?rest_route=\/wp\/v2\/types\/post"}],"author":[{"embeddable":true,"href":"http:\/\/archiv.szolnoktv.hu\/index.php?rest_route=\/wp\/v2\/users\/2"}],"replies":[{"embeddable":true,"href":"http:\/\/archiv.szolnoktv.hu\/index.php?rest_route=%2Fwp%2Fv2%2Fcomments&post=30037"}],"version-history":[{"count":1,"href":"http:\/\/archiv.szolnoktv.hu\/index.php?rest_route=\/wp\/v2\/posts\/30037\/revisions"}],"predecessor-version":[{"id":30329,"href":"http:\/\/archiv.szolnoktv.hu\/index.php?rest_route=\/wp\/v2\/posts\/30037\/revisions\/30329"}],"wp:attachment":[{"href":"http:\/\/archiv.szolnoktv.hu\/index.php?rest_route=%2Fwp%2Fv2%2Fmedia&parent=30037"}],"wp:term":[{"taxonomy":"category","embeddable":true,"href":"http:\/\/archiv.szolnoktv.hu\/index.php?rest_route=%2Fwp%2Fv2%2Fcategories&post=30037"},{"taxonomy":"post_tag","embeddable":true,"href":"http:\/\/archiv.szolnoktv.hu\/index.php?rest_route=%2Fwp%2Fv2%2Ftags&post=30037"}],"curies":[{"name":"wp","href":"https:\/\/api.w.org\/{rel}","templated":true}]}}