{"id":30036,"date":"2008-01-08T18:56:11","date_gmt":"2008-01-08T18:56:11","guid":{"rendered":"http:\/\/archiv.szolnoktv.hu\/?p=30036"},"modified":"2021-11-17T11:06:10","modified_gmt":"2021-11-17T11:06:10","slug":"hanzely-palra-emlekeztek-4","status":"publish","type":"post","link":"http:\/\/archiv.szolnoktv.hu\/?p=30036","title":{"rendered":"Hanz\u00e9ly P\u00e1lra eml\u00e9keztek"},"content":{"rendered":"<div class='booster-block booster-read-block'><\/div><p>Ma is p\u00e9lda\u00e9rt\u00e9k\u0171. 81 \u00e9vvel ezel\u0151tt, Hanz\u00e9ly P\u00e1l, 22 \u00e9ves f\u0151hadnagy saj\u00e1t \u00e9lete \u00e1r\u00e1n mentett ki k\u00e9t szolnoki fiatalt az akkori Horthy laktanya m\u00f6g\u00f6tti kubikk\u00f6dr\u00f6kb\u0151l. Az 1927. janu\u00e1r 8-\u00e1n v\u00edzbe veszett f\u0151hadnagyra eml\u00e9keztek a tisztelet\u00e9re \u00e1ll\u00edtott \u00e9s fel\u00faj\u00edtott eml\u00e9kt\u00e1bl\u00e1n\u00e1l.<br \/>\n81 \u00e9vvel ezel\u0151tt a szerelmesp\u00e1r, Oresk\u00f3 S\u00e1ri \u00e9s Herbszt Jen\u0151 korcsoly\u00e1zni indult a Sz\u00e1zados \u00fat \u00e9s a S\u00e1ndor P\u00e1l \u00fat m\u00f6g\u00f6tti hatalmas, v\u00edzzel telt kubikg\u00f6dr\u00f6gh\u00f6z. M\u00e1r lemen\u0151ben volt a nap, amikor beszakadt az alig 3-4 cm vastag j\u00e9g, s a k\u00e9t fiatal a v\u00edzbe esett. A mind\u00f6ssze 22 esztend\u0151s f\u0151hadnagy, Hanz\u00e9ly P\u00e1l azonnal  a v\u00edzbe ugrott, hogy kimentse a \u0151ket. A l\u00e1nyt siker\u00fclt partra juttatnia, amikor azonban a v\u0151leg\u00e9ny fel\u00e9 fordult, hirtelen elt\u0171nt \u00e9s nem l\u00e1tt\u00e1k t\u00f6bb\u00e9. A fiatal p\u00e1r megmenek\u00fclt, a h\u0151sies katona \u00e9let\u00e9t vesztette, hal\u00e1l\u00e1t sz\u00edvg\u00f6rcs okozta. A m\u00e1sok \u00e9let\u00e9\u00e9rt saj\u00e1tj\u00e1t odaad\u00f3 Hanz\u00e9ly P\u00e1lt janu\u00e1r 12-\u00e9n, katonai tiszteletad\u00e1ssal k\u00eds\u00e9rt\u00e9k utols\u00f3 \u00fatj\u00e1ra a budapesti Farkasr\u00e9ti temet\u0151ben. \u00d6nfel\u00e1ldoz\u00e1s\u00e1nak h\u00edre az eg\u00e9sz orsz\u00e1got bej\u00e1rta. Utc\u00e1t neveztek el r\u00f3la, mely 1974-ig viselte nev\u00e9t. A katona eml\u00e9k\u00e9t t\u00e1bla \u0151rzi, melyet &#8211; a hagyom\u00e1nyoknak megfelel\u0151en &#8211; id\u00e9n is megkoszor\u00faztak a k\u00fcl\u00f6nb\u00f6z\u0151 szolnoki szervezetek. Az \u00fcnneps\u00e9gen elhangzott: a nyolcvanegy \u00e9vvel ezel\u0151tti esem\u00e9ny ma is p\u00e9lda\u00e9rt\u00e9k\u0171.<\/p>\n","protected":false},"excerpt":{"rendered":"<p>Ma is p\u00e9lda\u00e9rt\u00e9k\u0171. 81 \u00e9vvel ezel\u0151tt, Hanz\u00e9ly P\u00e1l, 22 \u00e9ves f\u0151hadnagy saj\u00e1t \u00e9lete \u00e1r\u00e1n mentett ki k\u00e9t szolnoki fiatalt az akkori Horthy laktanya m\u00f6g\u00f6tti kubikk\u00f6dr\u00f6kb\u0151l. Az 1927. janu\u00e1r 8-\u00e1n v\u00edzbe veszett f\u0151hadnagyra eml\u00e9keztek a tisztelet\u00e9re \u00e1ll\u00edtott \u00e9s fel\u00faj\u00edtott eml\u00e9kt\u00e1bl\u00e1n\u00e1l. 81 \u00e9vvel ezel\u0151tt a szerelmesp\u00e1r, Oresk\u00f3 S\u00e1ri \u00e9s Herbszt Jen\u0151 korcsoly\u00e1zni indult a Sz\u00e1zados \u00fat \u00e9s [&hellip;]<\/p>\n","protected":false},"author":2,"featured_media":0,"comment_status":"open","ping_status":"open","sticky":false,"template":"","format":"standard","meta":[],"categories":[24],"tags":[],"_links":{"self":[{"href":"http:\/\/archiv.szolnoktv.hu\/index.php?rest_route=\/wp\/v2\/posts\/30036"}],"collection":[{"href":"http:\/\/archiv.szolnoktv.hu\/index.php?rest_route=\/wp\/v2\/posts"}],"about":[{"href":"http:\/\/archiv.szolnoktv.hu\/index.php?rest_route=\/wp\/v2\/types\/post"}],"author":[{"embeddable":true,"href":"http:\/\/archiv.szolnoktv.hu\/index.php?rest_route=\/wp\/v2\/users\/2"}],"replies":[{"embeddable":true,"href":"http:\/\/archiv.szolnoktv.hu\/index.php?rest_route=%2Fwp%2Fv2%2Fcomments&post=30036"}],"version-history":[{"count":1,"href":"http:\/\/archiv.szolnoktv.hu\/index.php?rest_route=\/wp\/v2\/posts\/30036\/revisions"}],"predecessor-version":[{"id":30330,"href":"http:\/\/archiv.szolnoktv.hu\/index.php?rest_route=\/wp\/v2\/posts\/30036\/revisions\/30330"}],"wp:attachment":[{"href":"http:\/\/archiv.szolnoktv.hu\/index.php?rest_route=%2Fwp%2Fv2%2Fmedia&parent=30036"}],"wp:term":[{"taxonomy":"category","embeddable":true,"href":"http:\/\/archiv.szolnoktv.hu\/index.php?rest_route=%2Fwp%2Fv2%2Fcategories&post=30036"},{"taxonomy":"post_tag","embeddable":true,"href":"http:\/\/archiv.szolnoktv.hu\/index.php?rest_route=%2Fwp%2Fv2%2Ftags&post=30036"}],"curies":[{"name":"wp","href":"https:\/\/api.w.org\/{rel}","templated":true}]}}