{"id":30035,"date":"2008-01-08T18:52:44","date_gmt":"2008-01-08T18:52:44","guid":{"rendered":"http:\/\/archiv.szolnoktv.hu\/?p=30035"},"modified":"2021-11-17T11:06:10","modified_gmt":"2021-11-17T11:06:10","slug":"gyujtik-a-cedulakat","status":"publish","type":"post","link":"http:\/\/archiv.szolnoktv.hu\/?p=30035","title":{"rendered":"Gy\u0171jtik a c\u00e9dul\u00e1kat"},"content":{"rendered":"<div class='booster-block booster-read-block'><\/div><p>Polg\u00e1rmester v\u00e1laszt\u00e1s T\u00f3szegen. Papp Istv\u00e1n novemberben mondott le tiszts\u00e9g\u00e9r\u0151l, a jel\u00f6ltek m\u00e1r gy\u0171jtik az aj\u00e1nl\u00f3szelv\u00e9nyeket. A szavaz\u00e1st febru\u00e1r 10-\u00e9n tartj\u00e1k, a telep\u00fcl\u00e9sen h\u00e1rom nem hivatalos polg\u00e1rmester- jel\u00f6lt gy\u0171jti az aj\u00e1nl\u00f3c\u00e9dul\u00e1kat.<br \/>\nPapp Istv\u00e1n 1985-t\u0151l tan\u00e1cseln\u00f6k, majd 1990-t\u0151l eg\u00e9szen 2007 november\u00e9ig T\u00f3szeg polg\u00e1rmestere volt. K\u00e9t h\u00f3nappal ezel\u0151tt megromlott eg\u00e9szs\u00e9gi \u00e1llapot\u00e1ra hivatkozva mondott le tiszts\u00e9g\u00e9r\u0151l. Most a k\u00f6zs\u00e9g id\u0151k\u00f6zi polg\u00e1rmester v\u00e1laszt\u00e1sra k\u00e9sz\u00fcl. A jel\u00f6ltek m\u00e1r gy\u0171jtik az aj\u00e1nl\u00f3szelv\u00e9nyeket.Dr. Gyuricza Mikl\u00f3s f\u00fcggetlen jel\u00f6ltk\u00e9nt indul az id\u0151k\u00f6zi v\u00e1laszt\u00e1son, csak\u00fagy mint Csizm\u00e1s Guszt\u00e1v. A harmadik jel\u00f6lt, Martosi Szil\u00e1rd a Fidesz-KDNP sz\u00edneiben. Az elm\u00falt 22 \u00e9vben Papp Istv\u00e1n hatalmas f\u00f6l\u00e9nnyel nyerte meg a v\u00e1laszt\u00e1sokat- m\u00e1r, amikor voltak ilyenek- egy kiv\u00e9tel\u00e9vel. 2006-ban Dr. Gyuricza Mikl\u00f3s alig n\u00e9h\u00e1ny sz\u00e1z szavazattal maradt el m\u00f6g\u00f6tte. A jel\u00f6lteknek a hat\u00e1rid\u0151ig 114 aj\u00e1nl\u00f3c\u00e9dul\u00e1t kell \u00f6sszegy\u0171jteni\u00fck. A szavaz\u00e1st febru\u00e1r 10-\u00e9n, vas\u00e1rnap tartj\u00e1k.<\/p>\n","protected":false},"excerpt":{"rendered":"<p>Polg\u00e1rmester v\u00e1laszt\u00e1s T\u00f3szegen. Papp Istv\u00e1n novemberben mondott le tiszts\u00e9g\u00e9r\u0151l, a jel\u00f6ltek m\u00e1r gy\u0171jtik az aj\u00e1nl\u00f3szelv\u00e9nyeket. A szavaz\u00e1st febru\u00e1r 10-\u00e9n tartj\u00e1k, a telep\u00fcl\u00e9sen h\u00e1rom nem hivatalos polg\u00e1rmester- jel\u00f6lt gy\u0171jti az aj\u00e1nl\u00f3c\u00e9dul\u00e1kat. Papp Istv\u00e1n 1985-t\u0151l tan\u00e1cseln\u00f6k, majd 1990-t\u0151l eg\u00e9szen 2007 november\u00e9ig T\u00f3szeg polg\u00e1rmestere volt. K\u00e9t h\u00f3nappal ezel\u0151tt megromlott eg\u00e9szs\u00e9gi \u00e1llapot\u00e1ra hivatkozva mondott le tiszts\u00e9g\u00e9r\u0151l. Most a k\u00f6zs\u00e9g [&hellip;]<\/p>\n","protected":false},"author":2,"featured_media":0,"comment_status":"open","ping_status":"open","sticky":false,"template":"","format":"standard","meta":[],"categories":[24],"tags":[],"_links":{"self":[{"href":"http:\/\/archiv.szolnoktv.hu\/index.php?rest_route=\/wp\/v2\/posts\/30035"}],"collection":[{"href":"http:\/\/archiv.szolnoktv.hu\/index.php?rest_route=\/wp\/v2\/posts"}],"about":[{"href":"http:\/\/archiv.szolnoktv.hu\/index.php?rest_route=\/wp\/v2\/types\/post"}],"author":[{"embeddable":true,"href":"http:\/\/archiv.szolnoktv.hu\/index.php?rest_route=\/wp\/v2\/users\/2"}],"replies":[{"embeddable":true,"href":"http:\/\/archiv.szolnoktv.hu\/index.php?rest_route=%2Fwp%2Fv2%2Fcomments&post=30035"}],"version-history":[{"count":1,"href":"http:\/\/archiv.szolnoktv.hu\/index.php?rest_route=\/wp\/v2\/posts\/30035\/revisions"}],"predecessor-version":[{"id":30331,"href":"http:\/\/archiv.szolnoktv.hu\/index.php?rest_route=\/wp\/v2\/posts\/30035\/revisions\/30331"}],"wp:attachment":[{"href":"http:\/\/archiv.szolnoktv.hu\/index.php?rest_route=%2Fwp%2Fv2%2Fmedia&parent=30035"}],"wp:term":[{"taxonomy":"category","embeddable":true,"href":"http:\/\/archiv.szolnoktv.hu\/index.php?rest_route=%2Fwp%2Fv2%2Fcategories&post=30035"},{"taxonomy":"post_tag","embeddable":true,"href":"http:\/\/archiv.szolnoktv.hu\/index.php?rest_route=%2Fwp%2Fv2%2Ftags&post=30035"}],"curies":[{"name":"wp","href":"https:\/\/api.w.org\/{rel}","templated":true}]}}