{"id":30034,"date":"2008-01-08T18:50:18","date_gmt":"2008-01-08T18:50:18","guid":{"rendered":"http:\/\/archiv.szolnoktv.hu\/?p=30034"},"modified":"2021-11-17T11:06:10","modified_gmt":"2021-11-17T11:06:10","slug":"cseresznyeproba","status":"publish","type":"post","link":"http:\/\/archiv.szolnoktv.hu\/?p=30034","title":{"rendered":"Cseresznyepr\u00f3ba"},"content":{"rendered":"<div class='booster-block booster-read-block'><\/div><p>Febru\u00e1r tizen\u00f6t\u00f6dik\u00e9n mutatja bea Szigligeti Sz\u00ednh\u00e1z Hunyady S\u00e1ndor Feketesz\u00e1r\u00fa cseresznye c\u00edm\u0171 sz\u00ednm\u0171v\u00e9t. A pr\u00f3b\u00e1k ma kezd\u0151dtek.<br \/>\nAz olvas\u00f3pr\u00f3ba kezdete el\u0151tt m\u00e9g n\u00e9h\u00e1ny sz\u00f3 a t\u00f6bb mint egymilli\u00f3s n\u00e9zetts\u00e9get produk\u00e1l\u00f3 szilveszteri m\u0171sorr\u00f3l, a k\u00f6lcs\u00f6n\u00f6s gratul\u00e1ci\u00f3k ut\u00e1n viszont megkezd\u0151d\u00f6tt a munka. Hunyady S\u00e1ndor h\u00e1romfelvon\u00e1sos darabj\u00e1t 1930- ban mutatta be a V\u00edgsz\u00ednh\u00e1z, az \u0151sbemutat\u00f3 ut\u00e1n 78 \u00e9vvel a szolnoki te\u00e1trum is m\u0171sor\u00e1ra t\u0171zte. A szerz\u0151 saj\u00e1t, G\u00e9za \u00e9s Dus\u00e1n c\u00edm\u0171 reg\u00e9ny\u00e9t dolgozta \u00e1t dr\u00e1m\u00e1v\u00e1, amely az els\u0151 vil\u00e1gh\u00e1bor\u00fa m\u00e1sodik \u00e9v\u00e9ben j\u00e1tsz\u00f3dik B\u00e1csk\u00e1ban. B\u00e1r a vil\u00e1g\u00e9g\u00e9s m\u00e9g tart, a Szeged \u00e9s \u00dajvid\u00e9k k\u00f6zti ter\u00fcleten hozz\u00e1vet\u0151leges b\u00e9kess\u00e9gben \u00e9lnek egym\u00e1s mellett magyarok, szerbek, bunyev\u00e1cok. Az Osztr\u00e1k- Magyar Monarchia buk\u00e1s\u00e1t eredm\u00e9nyez\u0151 h\u00e1bor\u00fa v\u00e9gkimenetel\u00e9vel, valamint az azt k\u00f6vet\u0151 trianoni b\u00e9keszerz\u0151d\u00e9ssel a mulatoz\u00f3 t\u00e1rsas\u00e1g feje felett. Dus\u00e1n, a szerb nagygazda, Irina, a feles\u00e9ge \u00e9s a magyar korm\u00e1nyz\u00f3s\u00e1gi tisztvisel\u0151, a f\u0151b\u00edr\u00f3 alkotja a szerelmi h\u00e1romsz\u00f6get. A sz\u00ednm\u0171vet \u00e9veken \u00e1t nem j\u00e1tszhatt\u00e1k Magyarorsz\u00e1gon- v\u00e9lelmezett irredenta mondanival\u00f3ja miatt. A darab azonban a korabeli kritik\u00e1k \u00e9s a sz\u00edn\u00e9sz- direktor- rendez\u0151 szerint sem irredenta, sokkalta ink\u00e1bb egy szerelmi t\u00f6rt\u00e9net a vesztes vil\u00e1gh\u00e1bor\u00fa \u00e1rny\u00e9k\u00e1ban. A t\u00f6rt\u00e9nelmi h\u00e1tt\u00e9r azonban \u00edgy is megker\u00fclhetetlen. Mint ahogy a szereposzt\u00e1s is. Az \u00fagynevezett kis szerepeket is olyan nagynev\u0171 vend\u00e9gm\u0171v\u00e9szek j\u00e1tsz\u00e1k, mint p\u00e9ld\u00e1ul Bitskey Tibor. A szerb nagygazd\u00e1t ifjabb J\u00e1szai L\u00e1szl\u00f3 alak\u00edtja, Irina szerep\u00e9ben Rad\u00f3 Denise- t l\u00e1thatj\u00e1k a febru\u00e1r tizen\u00f6t\u00f6dikei premieren.<\/p>\n","protected":false},"excerpt":{"rendered":"<p>Febru\u00e1r tizen\u00f6t\u00f6dik\u00e9n mutatja bea Szigligeti Sz\u00ednh\u00e1z Hunyady S\u00e1ndor Feketesz\u00e1r\u00fa cseresznye c\u00edm\u0171 sz\u00ednm\u0171v\u00e9t. A pr\u00f3b\u00e1k ma kezd\u0151dtek. Az olvas\u00f3pr\u00f3ba kezdete el\u0151tt m\u00e9g n\u00e9h\u00e1ny sz\u00f3 a t\u00f6bb mint egymilli\u00f3s n\u00e9zetts\u00e9get produk\u00e1l\u00f3 szilveszteri m\u0171sorr\u00f3l, a k\u00f6lcs\u00f6n\u00f6s gratul\u00e1ci\u00f3k ut\u00e1n viszont megkezd\u0151d\u00f6tt a munka. Hunyady S\u00e1ndor h\u00e1romfelvon\u00e1sos darabj\u00e1t 1930- ban mutatta be a V\u00edgsz\u00ednh\u00e1z, az \u0151sbemutat\u00f3 ut\u00e1n 78 \u00e9vvel a [&hellip;]<\/p>\n","protected":false},"author":2,"featured_media":0,"comment_status":"open","ping_status":"open","sticky":false,"template":"","format":"standard","meta":[],"categories":[24],"tags":[],"_links":{"self":[{"href":"http:\/\/archiv.szolnoktv.hu\/index.php?rest_route=\/wp\/v2\/posts\/30034"}],"collection":[{"href":"http:\/\/archiv.szolnoktv.hu\/index.php?rest_route=\/wp\/v2\/posts"}],"about":[{"href":"http:\/\/archiv.szolnoktv.hu\/index.php?rest_route=\/wp\/v2\/types\/post"}],"author":[{"embeddable":true,"href":"http:\/\/archiv.szolnoktv.hu\/index.php?rest_route=\/wp\/v2\/users\/2"}],"replies":[{"embeddable":true,"href":"http:\/\/archiv.szolnoktv.hu\/index.php?rest_route=%2Fwp%2Fv2%2Fcomments&post=30034"}],"version-history":[{"count":1,"href":"http:\/\/archiv.szolnoktv.hu\/index.php?rest_route=\/wp\/v2\/posts\/30034\/revisions"}],"predecessor-version":[{"id":30332,"href":"http:\/\/archiv.szolnoktv.hu\/index.php?rest_route=\/wp\/v2\/posts\/30034\/revisions\/30332"}],"wp:attachment":[{"href":"http:\/\/archiv.szolnoktv.hu\/index.php?rest_route=%2Fwp%2Fv2%2Fmedia&parent=30034"}],"wp:term":[{"taxonomy":"category","embeddable":true,"href":"http:\/\/archiv.szolnoktv.hu\/index.php?rest_route=%2Fwp%2Fv2%2Fcategories&post=30034"},{"taxonomy":"post_tag","embeddable":true,"href":"http:\/\/archiv.szolnoktv.hu\/index.php?rest_route=%2Fwp%2Fv2%2Ftags&post=30034"}],"curies":[{"name":"wp","href":"https:\/\/api.w.org\/{rel}","templated":true}]}}