{"id":30033,"date":"2008-01-07T20:02:19","date_gmt":"2008-01-07T20:02:19","guid":{"rendered":"http:\/\/archiv.szolnoktv.hu\/?p=30033"},"modified":"2021-11-17T11:06:10","modified_gmt":"2021-11-17T11:06:10","slug":"telen-is-nyitva","status":"publish","type":"post","link":"http:\/\/archiv.szolnoktv.hu\/?p=30033","title":{"rendered":"T\u00e9len is nyitva"},"content":{"rendered":"<div class='booster-block booster-read-block'><\/div><p>Mad\u00e1r- \u00e9s vadetet\u00e9s, g\u00f6r\u00e9nysimogat\u00e1s, erdei \u00e9letnyomok keres\u00e9se. Mindezzel tal\u00e1lkozhatnak azok az \u00e9rdekl\u0151d\u0151k, akik a zord id\u0151j\u00e1r\u00e1s ellen\u00e9re is kil\u00e1togatnak a v\u00e1rosi vadasparkba.<br \/>\nA szolnoki erd\u00e9szetben ilyenkor t\u00e9len is hasznos dolgokat tanulhatnak a gyerekek a term\u00e9szetr\u0151l.   Mindig az aktu\u00e1lis id\u0151j\u00e1r\u00e1si viszonyok \u00e1ltal k\u00edn\u00e1lt jelens\u00e9gekr\u0151l besz\u00e9lgetnek, \u00edgy most az \u00f3nos es\u0151r\u0151l, illetve ennek hat\u00e1sair\u00f3l volt sz\u00f3. A di\u00f3t\u00f6r\u00e9s \u00e9s mad\u00e1rkal\u00e1csk\u00e9sz\u00edt\u00e9s mellett haz\u00e1nk vadon \u00e9l\u0151 \u00e1llataival is megismerkedhetnek a kil\u00e1togat\u00f3k. A  gyerekek kedvence a hat, decemberben sz\u00fclettett kecskegida, akik a szolnoki vadaspark leg\u00fajabb lak\u00f3i, de nagy vid\u00e1ms\u00e1got jelent a szelid\u00edtett vad\u00e1szg\u00f6r\u00e9ny megsimogat\u00e1sa is. Az \u00f3vodai \u00e9s iskolai foglalkoz\u00e1sokra eg\u00e9sz \u00e9vben lehet jelentkezni a szolnoki Nefagn\u00e1l. Az egy d\u00e9lel\u0151tti elfoglalts\u00e1got jelent\u0151 csoportfoglalkoz\u00e1s k\u00f6r\u00fclbel\u00fcl 500 forintot jelent fejenk\u00e9nt. Ezek mellett az \u00e9v b\u00e1rmely szak\u00e1ban eg\u00e9sznapos programokra, vagy egy hetes erdei iskol\u00e1ra is v\u00e1rj\u00e1k az \u00e9rdekl\u0151d\u0151 gyerekeket.<\/p>\n","protected":false},"excerpt":{"rendered":"<p>Mad\u00e1r- \u00e9s vadetet\u00e9s, g\u00f6r\u00e9nysimogat\u00e1s, erdei \u00e9letnyomok keres\u00e9se. Mindezzel tal\u00e1lkozhatnak azok az \u00e9rdekl\u0151d\u0151k, akik a zord id\u0151j\u00e1r\u00e1s ellen\u00e9re is kil\u00e1togatnak a v\u00e1rosi vadasparkba. A szolnoki erd\u00e9szetben ilyenkor t\u00e9len is hasznos dolgokat tanulhatnak a gyerekek a term\u00e9szetr\u0151l. Mindig az aktu\u00e1lis id\u0151j\u00e1r\u00e1si viszonyok \u00e1ltal k\u00edn\u00e1lt jelens\u00e9gekr\u0151l besz\u00e9lgetnek, \u00edgy most az \u00f3nos es\u0151r\u0151l, illetve ennek hat\u00e1sair\u00f3l volt sz\u00f3. A [&hellip;]<\/p>\n","protected":false},"author":2,"featured_media":0,"comment_status":"open","ping_status":"open","sticky":false,"template":"","format":"standard","meta":[],"categories":[24],"tags":[],"_links":{"self":[{"href":"http:\/\/archiv.szolnoktv.hu\/index.php?rest_route=\/wp\/v2\/posts\/30033"}],"collection":[{"href":"http:\/\/archiv.szolnoktv.hu\/index.php?rest_route=\/wp\/v2\/posts"}],"about":[{"href":"http:\/\/archiv.szolnoktv.hu\/index.php?rest_route=\/wp\/v2\/types\/post"}],"author":[{"embeddable":true,"href":"http:\/\/archiv.szolnoktv.hu\/index.php?rest_route=\/wp\/v2\/users\/2"}],"replies":[{"embeddable":true,"href":"http:\/\/archiv.szolnoktv.hu\/index.php?rest_route=%2Fwp%2Fv2%2Fcomments&post=30033"}],"version-history":[{"count":1,"href":"http:\/\/archiv.szolnoktv.hu\/index.php?rest_route=\/wp\/v2\/posts\/30033\/revisions"}],"predecessor-version":[{"id":30333,"href":"http:\/\/archiv.szolnoktv.hu\/index.php?rest_route=\/wp\/v2\/posts\/30033\/revisions\/30333"}],"wp:attachment":[{"href":"http:\/\/archiv.szolnoktv.hu\/index.php?rest_route=%2Fwp%2Fv2%2Fmedia&parent=30033"}],"wp:term":[{"taxonomy":"category","embeddable":true,"href":"http:\/\/archiv.szolnoktv.hu\/index.php?rest_route=%2Fwp%2Fv2%2Fcategories&post=30033"},{"taxonomy":"post_tag","embeddable":true,"href":"http:\/\/archiv.szolnoktv.hu\/index.php?rest_route=%2Fwp%2Fv2%2Ftags&post=30033"}],"curies":[{"name":"wp","href":"https:\/\/api.w.org\/{rel}","templated":true}]}}