{"id":30032,"date":"2008-01-07T20:00:13","date_gmt":"2008-01-07T20:00:13","guid":{"rendered":"http:\/\/archiv.szolnoktv.hu\/?p=30032"},"modified":"2021-11-17T11:06:10","modified_gmt":"2021-11-17T11:06:10","slug":"eredmenyes-evet-zartak","status":"publish","type":"post","link":"http:\/\/archiv.szolnoktv.hu\/?p=30032","title":{"rendered":"Eredm\u00e9nyes \u00e9vet z\u00e1rtak"},"content":{"rendered":"<div class='booster-block booster-read-block'><\/div><p>Sikeresnek nyilv\u00e1n\u00edtotta az elm\u00falt \u00e9vet, a Szolnoki Cig\u00e1ny Kisebbs\u00e9gi \u00d6nkorm\u00e1nyzat eln\u00f6ke. Rem\u00e9nyei szerint az id\u00e9n t\u00f6bb munkalehet&#245;s\u00e9get tudnak a kisebbs\u00e9gnek biztos\u00edtani, de a lak\u00e1sprobl\u00e9m\u00e1k megold\u00e1s\u00e1ban is nagyot l\u00e9phetnek el&#245;re.<br \/>\nA Cig\u00e1ny Kisebbs\u00e9gi \u00d6nkorm\u00e1nyzat a 2007-es \u00e9v egyik legnagyobb siker\u00e9nek azt a t\u00f6bbsz\u00e1z k\u00f6bm\u00e9ter szem\u00e9t elsz\u00e1ll\u00edt\u00e1s\u00e1t tartja, amelyet a Motor \u00fatr\u00f3l \u00e9s k\u00f6rny\u00e9k\u00e9r&#245;l gy&#251;jt\u00f6ttek \u00f6ssze.   A szem\u00e9tszed\u00e9sbe a telep lak\u00f3it is bevont\u00e1k. A gy&#251;jt\u00e9snek az eszt\u00e9tikumon k\u00edv\u00fcl higi\u00e9niai okai voltak, hogy a fert&#245;z\u00e9seket elker\u00fclhess\u00e9k. P\u00e1lfi Mikl\u00f3s, a Kisebbs\u00e9gi Jogv\u00e9d&#245; Egyes\u00fclet eln\u00f6ke decemberben azt nyilatkozta, hogy a roma szervezetek t\u00f6bbs\u00e9ge nem hallat mag\u00e1r\u00f3l, r\u00e1ad\u00e1sul t\u00f6bbs\u00e9g\u00fck elk\u00f6telezte mag\u00e1t a jobb vagy a bal politikai oldal fel\u00e9. Koz\u00e1k Ferenc visszautas\u00edtja P\u00e1lfi Mikl\u00f3s kijelent\u00e9s\u00e9t, szerinte most j\u00f6tt el az az id&#245;, amikor a cig\u00e1nys\u00e1g igaz\u00e1n k\u00e9pviselve van. Febru\u00e1rt\u00f3l \u00fajabb szoci\u00e1lis munk\u00e1sok felv\u00e9tel\u00e9t tervezi a kisebbs\u00e9gi \u00f6nkorm\u00e1nyzat, akikkel a munk\u00e1t m\u00e9g eredm\u00e9nyesebben v\u00e9gezhetik. Terveik k\u00f6z\u00f6tt szerepel p\u00e9ld\u00e1ul a cig\u00e1nytelepek \u00fatjainak leaszfaltoz\u00e1sa, a nagycsal\u00e1dok lak\u00e1shoz juttat\u00e1sa, illetve a munka\u00fcgyi k\u00f6zponttal egy\u00fcttm&#251;k\u00f6dve t\u00f6bb munkalehet&#245;s\u00e9g k\u00f6zvet\u00edt\u00e9se a kisebbs\u00e9gi lakoss\u00e1g sz\u00e1m\u00e1ra.<\/p>\n","protected":false},"excerpt":{"rendered":"<p>Sikeresnek nyilv\u00e1n\u00edtotta az elm\u00falt \u00e9vet, a Szolnoki Cig\u00e1ny Kisebbs\u00e9gi \u00d6nkorm\u00e1nyzat eln\u00f6ke. Rem\u00e9nyei szerint az id\u00e9n t\u00f6bb munkalehet&#245;s\u00e9get tudnak a kisebbs\u00e9gnek biztos\u00edtani, de a lak\u00e1sprobl\u00e9m\u00e1k megold\u00e1s\u00e1ban is nagyot l\u00e9phetnek el&#245;re. A Cig\u00e1ny Kisebbs\u00e9gi \u00d6nkorm\u00e1nyzat a 2007-es \u00e9v egyik legnagyobb siker\u00e9nek azt a t\u00f6bbsz\u00e1z k\u00f6bm\u00e9ter szem\u00e9t elsz\u00e1ll\u00edt\u00e1s\u00e1t tartja, amelyet a Motor \u00fatr\u00f3l \u00e9s k\u00f6rny\u00e9k\u00e9r&#245;l gy&#251;jt\u00f6ttek \u00f6ssze. A [&hellip;]<\/p>\n","protected":false},"author":2,"featured_media":0,"comment_status":"open","ping_status":"open","sticky":false,"template":"","format":"standard","meta":[],"categories":[24],"tags":[],"_links":{"self":[{"href":"http:\/\/archiv.szolnoktv.hu\/index.php?rest_route=\/wp\/v2\/posts\/30032"}],"collection":[{"href":"http:\/\/archiv.szolnoktv.hu\/index.php?rest_route=\/wp\/v2\/posts"}],"about":[{"href":"http:\/\/archiv.szolnoktv.hu\/index.php?rest_route=\/wp\/v2\/types\/post"}],"author":[{"embeddable":true,"href":"http:\/\/archiv.szolnoktv.hu\/index.php?rest_route=\/wp\/v2\/users\/2"}],"replies":[{"embeddable":true,"href":"http:\/\/archiv.szolnoktv.hu\/index.php?rest_route=%2Fwp%2Fv2%2Fcomments&post=30032"}],"version-history":[{"count":1,"href":"http:\/\/archiv.szolnoktv.hu\/index.php?rest_route=\/wp\/v2\/posts\/30032\/revisions"}],"predecessor-version":[{"id":30334,"href":"http:\/\/archiv.szolnoktv.hu\/index.php?rest_route=\/wp\/v2\/posts\/30032\/revisions\/30334"}],"wp:attachment":[{"href":"http:\/\/archiv.szolnoktv.hu\/index.php?rest_route=%2Fwp%2Fv2%2Fmedia&parent=30032"}],"wp:term":[{"taxonomy":"category","embeddable":true,"href":"http:\/\/archiv.szolnoktv.hu\/index.php?rest_route=%2Fwp%2Fv2%2Fcategories&post=30032"},{"taxonomy":"post_tag","embeddable":true,"href":"http:\/\/archiv.szolnoktv.hu\/index.php?rest_route=%2Fwp%2Fv2%2Ftags&post=30032"}],"curies":[{"name":"wp","href":"https:\/\/api.w.org\/{rel}","templated":true}]}}