{"id":30030,"date":"2008-01-07T19:53:55","date_gmt":"2008-01-07T19:53:55","guid":{"rendered":"http:\/\/archiv.szolnoktv.hu\/?p=30030"},"modified":"2021-11-17T11:06:10","modified_gmt":"2021-11-17T11:06:10","slug":"sok-kicsi-sokra-megy","status":"publish","type":"post","link":"http:\/\/archiv.szolnoktv.hu\/?p=30030","title":{"rendered":"Sok kicsi sokra megy"},"content":{"rendered":"<div class='booster-block booster-read-block'><\/div><p>N\u00e9gy h\u00f3napos gy\u0171jt\u00e9sbe kezdett a Cora szolnoki \u00e1ruh\u00e1za. A multi c\u00e9g h\u00e1rom urn\u00e1ba gy\u0171jti a v\u00e1s\u00e1rl\u00f3k \u00e1ltal felaj\u00e1nlott egy, illetve k\u00e9t forintos \u00e9rm\u00e9ket. Az adakoz\u00f3k nemes c\u00e9lt szolg\u00e1lnak, hiszen az \u00f6sszeget a Het\u00e9nyi G\u00e9za K\u00f3rh\u00e1z Gyermekoszt\u00e1lya kapja.<br \/>\nBiztosan sokakkal megt\u00f6rt\u00e9nt m\u00e1r, hogy a p\u00e9nzt\u00e1rc\u00e1ja t\u00f6mve volt apr\u00f3val. Ezekt\u0151l rendre mindenki szabadulni pr\u00f3b\u00e1l.   M\u00e1rciust\u00f3l bevonj\u00e1k az egy \u00e9s k\u00e9t forintos \u00e9rm\u00e9ket. Ezt kihaszn\u00e1lva a Cora szolnoki \u00e1ruh\u00e1za gy\u0171jteni kezdte a v\u00e1s\u00e1rl\u00f3k \u00e1ltal felaj\u00e1nlott cs\u00f6rg\u0151 forintokat. A v\u00e1s\u00e1rl\u00f3k, mint azt l\u00e1tni is lehet, nemcsak a t\u00e1rca s\u00faly\u00e1t feleslegesen n\u00f6vel\u0151 egy \u00e9s k\u00e9tforintosokat dobt\u00e1k a gy\u0171jt\u0151kbe, de rengetegen adtak \u00e9s adnak ropog\u00f3s pap\u00edrp\u00e9nzt is. A k\u00f3rh\u00e1z gyermekoszt\u00e1lya az \u00f6sszegy\u0171lt p\u00e9nzen egy mobil ultrahang vizsg\u00e1l\u00f3 k\u00e9sz\u00fcl\u00e9ket v\u00e1s\u00e1rolna. B\u00e1r a fontosabb eszk\u00f6z\u00f6kre mindig megvan a keret, a k\u00f3rh\u00e1znak j\u00f3l j\u00f6n a seg\u00edts\u00e9g. Az ultrahang vizsg\u00e1l\u00f3 k\u00e9sz\u00fcl\u00e9k k\u00f6r\u00fclbel\u00fcl \u00f6tmilli\u00f3 forintba ker\u00fcl. Ez soknak t\u0171nhet, de kiv\u00e1ltja a sokkal dr\u00e1g\u00e1bb CT, vagy MRI vizsg\u00e1latokat is. A gy\u0171jt\u00e9st december 20-\u00e1n kezdt\u00e9k \u00e9s mostanra k\u00f6r\u00fclbel\u00fcl f\u00e9l milli\u00f3 forint j\u00f6tt \u00f6ssze. Az \u00e1ruh\u00e1z ezt megdupl\u00e1zza m\u00e9g f\u00e9l milli\u00f3val. V\u00e1rj\u00e1k tov\u00e1bb\u00e1 a megye c\u00e9geinek felaj\u00e1nl\u00e1sait is.<\/p>\n","protected":false},"excerpt":{"rendered":"<p>N\u00e9gy h\u00f3napos gy\u0171jt\u00e9sbe kezdett a Cora szolnoki \u00e1ruh\u00e1za. A multi c\u00e9g h\u00e1rom urn\u00e1ba gy\u0171jti a v\u00e1s\u00e1rl\u00f3k \u00e1ltal felaj\u00e1nlott egy, illetve k\u00e9t forintos \u00e9rm\u00e9ket. Az adakoz\u00f3k nemes c\u00e9lt szolg\u00e1lnak, hiszen az \u00f6sszeget a Het\u00e9nyi G\u00e9za K\u00f3rh\u00e1z Gyermekoszt\u00e1lya kapja. Biztosan sokakkal megt\u00f6rt\u00e9nt m\u00e1r, hogy a p\u00e9nzt\u00e1rc\u00e1ja t\u00f6mve volt apr\u00f3val. Ezekt\u0151l rendre mindenki szabadulni pr\u00f3b\u00e1l. M\u00e1rciust\u00f3l bevonj\u00e1k az [&hellip;]<\/p>\n","protected":false},"author":2,"featured_media":0,"comment_status":"open","ping_status":"open","sticky":false,"template":"","format":"standard","meta":[],"categories":[24],"tags":[],"_links":{"self":[{"href":"http:\/\/archiv.szolnoktv.hu\/index.php?rest_route=\/wp\/v2\/posts\/30030"}],"collection":[{"href":"http:\/\/archiv.szolnoktv.hu\/index.php?rest_route=\/wp\/v2\/posts"}],"about":[{"href":"http:\/\/archiv.szolnoktv.hu\/index.php?rest_route=\/wp\/v2\/types\/post"}],"author":[{"embeddable":true,"href":"http:\/\/archiv.szolnoktv.hu\/index.php?rest_route=\/wp\/v2\/users\/2"}],"replies":[{"embeddable":true,"href":"http:\/\/archiv.szolnoktv.hu\/index.php?rest_route=%2Fwp%2Fv2%2Fcomments&post=30030"}],"version-history":[{"count":1,"href":"http:\/\/archiv.szolnoktv.hu\/index.php?rest_route=\/wp\/v2\/posts\/30030\/revisions"}],"predecessor-version":[{"id":30336,"href":"http:\/\/archiv.szolnoktv.hu\/index.php?rest_route=\/wp\/v2\/posts\/30030\/revisions\/30336"}],"wp:attachment":[{"href":"http:\/\/archiv.szolnoktv.hu\/index.php?rest_route=%2Fwp%2Fv2%2Fmedia&parent=30030"}],"wp:term":[{"taxonomy":"category","embeddable":true,"href":"http:\/\/archiv.szolnoktv.hu\/index.php?rest_route=%2Fwp%2Fv2%2Fcategories&post=30030"},{"taxonomy":"post_tag","embeddable":true,"href":"http:\/\/archiv.szolnoktv.hu\/index.php?rest_route=%2Fwp%2Fv2%2Ftags&post=30030"}],"curies":[{"name":"wp","href":"https:\/\/api.w.org\/{rel}","templated":true}]}}