{"id":30028,"date":"2008-01-07T19:49:19","date_gmt":"2008-01-07T19:49:19","guid":{"rendered":"http:\/\/archiv.szolnoktv.hu\/?p=30028"},"modified":"2021-11-17T11:06:10","modified_gmt":"2021-11-17T11:06:10","slug":"kinai-vendegek-2","status":"publish","type":"post","link":"http:\/\/archiv.szolnoktv.hu\/?p=30028","title":{"rendered":"K\u00ednai vend\u00e9gek"},"content":{"rendered":"<div class='booster-block booster-read-block'><\/div><p>Az aut\u00f3g\u00e9pgy\u00e1rt\u00e1s alapozhatja meg a k\u00ednai- szolnoki gazdas\u00e1gi kapcsolatokat. A keleti orsz\u00e1g l\u00e9pt\u00e9keivel m\u00e9rve k\u00f6zepes nagys\u00e1g\u00fa, k\u00e9t \u00e9s f\u00e9lmilli\u00f3s Sanmenxia v\u00e1ros deleg\u00e1ci\u00f3ja ma d\u00e9lut\u00e1n l\u00e1togatott a megyesz\u00e9khelyre.<br \/>\nA K\u00ednai N\u00e9pk\u00f6zt\u00e1rsas\u00e1g magyarorsz\u00e1gi nagyk\u00f6vete \u00e9s Szalay Ferenc polg\u00e1rmester j\u00faniusban tal\u00e1lkozott, az akkori megbesz\u00e9l\u00e9seken ker\u00fclt sz\u00f3ba, hogy Szolnok sz\u00edvesen fogadna k\u00ednai c\u00e9geket. A S\u00e1rga- foly\u00f3 parj\u00e1n fekv\u0151 Sanmenxia t\u00f6bb mint k\u00e9tmilli\u00f3s v\u00e1ros, sz\u00e9nb\u00e1ny\u00e1szata, energetikai ipara, alum\u00edniumgy\u00e1rt\u00e1sa igen fejlett, de a t\u00e9rs\u00e9gben aranyb\u00e1nya is m\u0171k\u00f6dik, mint ahogy a tartom\u00e1ny mez\u0151gazdas\u00e1ga is jelent\u0151s. A vil\u00e1g leger\u0151teljesebben fejl\u0151d\u0151 gazdas\u00e1ga egyre t\u00f6bb k\u00fclf\u00f6ldi kapcsolatot keres, a magyar- k\u00ednai kultur\u00e1lis \u00e9s gazdas\u00e1gi kapcsolatok is kialakul\u00f3ban vannak. K\u00e9t \u00e9ve a k\u00e9t orsz\u00e1g k\u00f6z\u00f6tti kereskedelem meghaladta a n\u00e9gymilli\u00e1rd doll\u00e1rt, tavaly pedig az \u00f6tmilli\u00e1rdot. A tendencia a j\u00f6v\u0151ben is folytat\u00f3dik- a k\u00e9t v\u00e1ros vezet\u0151inek rem\u00e9nyei szerint m\u00e1r Szolnok \u00e9s Sanmenxia akt\u00edv k\u00f6zrem\u0171k\u00f6d\u00e9s\u00e9vel. A tizenegy tag\u00fa k\u00ednai deleg\u00e1ci\u00f3 tagja volt a helyi g\u00e9pkocsi- kerekeket, fut\u00f3m\u0171veket gy\u00e1rt\u00f3 v\u00e1llalat k\u00e9pvisel\u0151je is. A rem\u00e9nybeli gazdas\u00e1gi egy\u00fcttm\u0171k\u00f6d\u00e9st ez a c\u00e9g alapozhatja meg. A sikerrel kecsegtet\u0151 k\u00f6zelj\u00f6v\u0151 mellett m\u00e1s, \u00e9l\u0151 kapcsolat is van a k\u00e9t megye, illetve tartom\u00e1ny k\u00f6z\u00f6tt. A Szolnoki F\u0151iskola k\u00ednai hallgat\u00f3kat fogad a j\u00f6v\u0151ben. A szolnoki v\u00e1rosvezet\u0151kkel folytatott megbesz\u00e9l\u00e9sek ut\u00e1n a k\u00ednai k\u00fcld\u00f6tts\u00e9g megbesz\u00e9l\u00e9seket folytatott a megyei k\u00f6zgy\u0171l\u00e9s tiszts\u00e9gvisel\u0151ivel is.<\/p>\n","protected":false},"excerpt":{"rendered":"<p>Az aut\u00f3g\u00e9pgy\u00e1rt\u00e1s alapozhatja meg a k\u00ednai- szolnoki gazdas\u00e1gi kapcsolatokat. A keleti orsz\u00e1g l\u00e9pt\u00e9keivel m\u00e9rve k\u00f6zepes nagys\u00e1g\u00fa, k\u00e9t \u00e9s f\u00e9lmilli\u00f3s Sanmenxia v\u00e1ros deleg\u00e1ci\u00f3ja ma d\u00e9lut\u00e1n l\u00e1togatott a megyesz\u00e9khelyre. A K\u00ednai N\u00e9pk\u00f6zt\u00e1rsas\u00e1g magyarorsz\u00e1gi nagyk\u00f6vete \u00e9s Szalay Ferenc polg\u00e1rmester j\u00faniusban tal\u00e1lkozott, az akkori megbesz\u00e9l\u00e9seken ker\u00fclt sz\u00f3ba, hogy Szolnok sz\u00edvesen fogadna k\u00ednai c\u00e9geket. A S\u00e1rga- foly\u00f3 parj\u00e1n fekv\u0151 Sanmenxia [&hellip;]<\/p>\n","protected":false},"author":2,"featured_media":0,"comment_status":"open","ping_status":"open","sticky":false,"template":"","format":"standard","meta":[],"categories":[24],"tags":[],"_links":{"self":[{"href":"http:\/\/archiv.szolnoktv.hu\/index.php?rest_route=\/wp\/v2\/posts\/30028"}],"collection":[{"href":"http:\/\/archiv.szolnoktv.hu\/index.php?rest_route=\/wp\/v2\/posts"}],"about":[{"href":"http:\/\/archiv.szolnoktv.hu\/index.php?rest_route=\/wp\/v2\/types\/post"}],"author":[{"embeddable":true,"href":"http:\/\/archiv.szolnoktv.hu\/index.php?rest_route=\/wp\/v2\/users\/2"}],"replies":[{"embeddable":true,"href":"http:\/\/archiv.szolnoktv.hu\/index.php?rest_route=%2Fwp%2Fv2%2Fcomments&post=30028"}],"version-history":[{"count":1,"href":"http:\/\/archiv.szolnoktv.hu\/index.php?rest_route=\/wp\/v2\/posts\/30028\/revisions"}],"predecessor-version":[{"id":30338,"href":"http:\/\/archiv.szolnoktv.hu\/index.php?rest_route=\/wp\/v2\/posts\/30028\/revisions\/30338"}],"wp:attachment":[{"href":"http:\/\/archiv.szolnoktv.hu\/index.php?rest_route=%2Fwp%2Fv2%2Fmedia&parent=30028"}],"wp:term":[{"taxonomy":"category","embeddable":true,"href":"http:\/\/archiv.szolnoktv.hu\/index.php?rest_route=%2Fwp%2Fv2%2Fcategories&post=30028"},{"taxonomy":"post_tag","embeddable":true,"href":"http:\/\/archiv.szolnoktv.hu\/index.php?rest_route=%2Fwp%2Fv2%2Ftags&post=30028"}],"curies":[{"name":"wp","href":"https:\/\/api.w.org\/{rel}","templated":true}]}}