{"id":30026,"date":"2008-01-07T10:23:40","date_gmt":"2008-01-07T10:23:40","guid":{"rendered":"http:\/\/archiv.szolnoktv.hu\/?p=30026"},"modified":"2021-11-17T11:06:10","modified_gmt":"2021-11-17T11:06:10","slug":"nem-vallalta-az-utat-a-vaci-puspok","status":"publish","type":"post","link":"http:\/\/archiv.szolnoktv.hu\/?p=30026","title":{"rendered":"Nem v\u00e1llalta az utat a v\u00e1ci p\u00fcsp\u00f6k"},"content":{"rendered":"<div class='booster-block booster-read-block'><\/div><p>A s\u00edkos utak miatt Budapest \u00e9s Szolnok k\u00f6z\u00f6tt akadozott h\u00e9tv\u00e9g\u00e9n a k\u00f6zleked\u00e9s. Sok helyre \u00edgy nem \u00e9rkeztek meg a v\u00e1rt vend\u00e9gek. A h\u00e9tv\u00e9ge kiemelt egyh\u00e1zi esem\u00e9nye is &#8220;megs\u00ednylette&#8221;&#8221; a telet. &#8221;<br \/>\nA Belv\u00e1rosi Nagytemplom pedig teljesen megtelt, a h\u00edv\u0151k v\u00e1rt\u00e1k a p\u00fcsp\u00f6k urat, aki v\u00edzkeresztkor, minden \u00e9vben Szolnokon mis\u00e9zik. A f\u0151p\u00e1sztor, Beer Mikl\u00f3s ugyan elindult V\u00e1cr\u00f3l, de Hatvann\u00e1l \u00fagy l\u00e1tta j\u00f3nak, ha visszafordul, mert a cs\u00fasz\u00f3s utak miatt vesz\u00e9lyes lett volna tov\u00e1bbj\u00f6nnie. V\u00edzkereszt napja, a kar\u00e1csonyi \u00fcnnepk\u00f6r befejez\u00e9s\u00e9t jelenti. M\u00edg kar\u00e1csony napja J\u00e9zus sz\u00fclet\u00e9s\u00e9vel, \u00e9s a p\u00e1sztorok k\u00f6sz\u00f6nt\u00e9s\u00e9vel forrt egybe, addig janu\u00e1r 6-a, a Napkeleti B\u00f6lcsek: G\u00e1sp\u00e1r, Menyh\u00e9rt, \u00e9s Boldizs\u00e1r \u00e9rkez\u00e9s\u00e9vel. \u00d5k a Biblia gondolkod\u00e1sa szerint, a pog\u00e1ny n\u00e9peket k\u00e9pviselik. Azonban a szolnoki gy\u00fclekezetben,  a feln\u0151tt keresztelked\u0151k sz\u00e1m\u00e1ra, nemcsak ez\u00e9rt volt k\u00fcl\u00f6nleges a mai nap. Az \u0151segyh\u00e1z eredetileg nem \u00fcnnepelte J\u00e9zus sz\u00fclet\u00e9s\u00e9t, \u00edgy a legr\u00e9gebbi kar\u00e1csony \u00fcnnep, janu\u00e1r 6-\u00e1n volt.  A nyugati egyh\u00e1zban a 4. sz\u00e1zadt\u00f3l kezdve \u00fcnneplik december 25-\u00e9n a kar\u00e1csonyt. Az\u00f3ta a r\u00f3mai liturgia a napkeleti b\u00f6lcsek l\u00e1togat\u00e1s\u00e1n t\u00fal, J\u00e9zus els\u0151 csod\u00e1j\u00e1ra, a viz borr\u00e1 v\u00e1ltoztat\u00e1s\u00e1ra, illetve a Jord\u00e1n foly\u00f3ban val\u00f3 megkeresztelked\u00e9s\u00e9re eml\u00e9kezik ilyenkor. Ez\u00e9rt a r\u00f3mai katolikusok janu\u00e1r 6-\u00e1n, v\u00edzkeresztkor, vizet szentelnek, amely a kereszts\u00e9gre \u00e9s a b\u0171nb\u00e1natra figyelmezteti \u0151ket.<\/p>\n","protected":false},"excerpt":{"rendered":"<p>A s\u00edkos utak miatt Budapest \u00e9s Szolnok k\u00f6z\u00f6tt akadozott h\u00e9tv\u00e9g\u00e9n a k\u00f6zleked\u00e9s. Sok helyre \u00edgy nem \u00e9rkeztek meg a v\u00e1rt vend\u00e9gek. A h\u00e9tv\u00e9ge kiemelt egyh\u00e1zi esem\u00e9nye is &#8220;megs\u00ednylette&#8221;&#8221; a telet. &#8221; A Belv\u00e1rosi Nagytemplom pedig teljesen megtelt, a h\u00edv\u0151k v\u00e1rt\u00e1k a p\u00fcsp\u00f6k urat, aki v\u00edzkeresztkor, minden \u00e9vben Szolnokon mis\u00e9zik. A f\u0151p\u00e1sztor, Beer Mikl\u00f3s ugyan elindult [&hellip;]<\/p>\n","protected":false},"author":2,"featured_media":0,"comment_status":"open","ping_status":"open","sticky":false,"template":"","format":"standard","meta":[],"categories":[24],"tags":[],"_links":{"self":[{"href":"http:\/\/archiv.szolnoktv.hu\/index.php?rest_route=\/wp\/v2\/posts\/30026"}],"collection":[{"href":"http:\/\/archiv.szolnoktv.hu\/index.php?rest_route=\/wp\/v2\/posts"}],"about":[{"href":"http:\/\/archiv.szolnoktv.hu\/index.php?rest_route=\/wp\/v2\/types\/post"}],"author":[{"embeddable":true,"href":"http:\/\/archiv.szolnoktv.hu\/index.php?rest_route=\/wp\/v2\/users\/2"}],"replies":[{"embeddable":true,"href":"http:\/\/archiv.szolnoktv.hu\/index.php?rest_route=%2Fwp%2Fv2%2Fcomments&post=30026"}],"version-history":[{"count":1,"href":"http:\/\/archiv.szolnoktv.hu\/index.php?rest_route=\/wp\/v2\/posts\/30026\/revisions"}],"predecessor-version":[{"id":30340,"href":"http:\/\/archiv.szolnoktv.hu\/index.php?rest_route=\/wp\/v2\/posts\/30026\/revisions\/30340"}],"wp:attachment":[{"href":"http:\/\/archiv.szolnoktv.hu\/index.php?rest_route=%2Fwp%2Fv2%2Fmedia&parent=30026"}],"wp:term":[{"taxonomy":"category","embeddable":true,"href":"http:\/\/archiv.szolnoktv.hu\/index.php?rest_route=%2Fwp%2Fv2%2Fcategories&post=30026"},{"taxonomy":"post_tag","embeddable":true,"href":"http:\/\/archiv.szolnoktv.hu\/index.php?rest_route=%2Fwp%2Fv2%2Ftags&post=30026"}],"curies":[{"name":"wp","href":"https:\/\/api.w.org\/{rel}","templated":true}]}}