{"id":30025,"date":"2008-01-06T12:10:06","date_gmt":"2008-01-06T12:10:06","guid":{"rendered":"http:\/\/archiv.szolnoktv.hu\/?p=30025"},"modified":"2021-11-17T11:06:11","modified_gmt":"2021-11-17T11:06:11","slug":"jeg-jeg-jeg","status":"publish","type":"post","link":"http:\/\/archiv.szolnoktv.hu\/?p=30025","title":{"rendered":"J\u00e9g, j\u00e9g, j\u00e9g.."},"content":{"rendered":"<div class='booster-block booster-read-block'><\/div><p>Az \u00e9jszakai \u00f3nos es\u0151 miatt hajnalra szinte \u00f6sszef\u00fcgg\u0151 j\u00e9gp\u00e1nc\u00e9l bor\u00edtotta a v\u00e1rost. A gyalogosok bizonyos v\u00e1rosr\u00e9szekben a j\u00e1rda helyett a m\u0171\u00faton k\u00f6zlekednek.<br \/>\nA h\u00f3 ut\u00e1n itt a J\u00c9G! A t\u00e9li csapad\u00e9k \u00fajabb form\u00e1j\u00e1val voltak k\u00e9nytelenek megismerkedni a szolnokiak, akik jobban tett\u00e9k ha elhalasztott\u00e1k reggelre tervezett s\u00e9t\u00e1jukat- j\u00f3llehet napk\u00f6zben sem sokat v\u00e1ltozott a helyzet. Az \u00f3nos es\u0151 nem k\u00edm\u00e9lt semmit. R\u00e1fagyott az aut\u00f3kra, f\u00e1kra, padokra- \u00e9s ami a legvesz\u00e9lyesebb- az \u00fattestre \u00e9s a j\u00e1rd\u00e1kra is. A REMONDIS \u00fcgyelete ugyan elz\u00e1rk\u00f3zott az inform\u00e1ci\u00f3k k\u00f6zl\u00e9s\u00e9t\u0151l- a g\u00e9pi s\u00edkoss\u00e1gmentes\u00edt\u0151 &#8220;j\u00e1ratok&#8221;&#8221; szinte eg\u00e9sz \u00e9jszaka sz\u00f3rt\u00e1k a s\u00f3t. A Het\u00e9nyi K\u00f3rh\u00e1z baleseti seb\u00e9szet\u00e9n is csup\u00e1n azt a kurta v\u00e1laszt kaptuk<br \/>\nhogy &#8220;&#8221;nincs idej\u00fck sz\u00e1molgatni- akkora a tolong\u00e1s az oszt\u00e1lyon&#8221;&#8221;. Az \u00f3nos es\u0151 a d\u00e9li \u00f3r\u00e1kban ism\u00e9t eleredt. Mint k\u00f6ztudott<br \/>\naz ingatlantulajdonosoknak k\u00f6teless\u00e9g\u00fck int\u00e9zm\u00e9ny\u00fck\/ port\u00e1juk el\u0151tt megsz\u00fcntetni a k\u00f6zvetlen balesetvesz\u00e9lyt- amire jelenleg egyetlen hat\u00e9kony eszk\u00f6z van- a S\u00d3!  &#8220;<\/p>\n","protected":false},"excerpt":{"rendered":"<p>Az \u00e9jszakai \u00f3nos es\u0151 miatt hajnalra szinte \u00f6sszef\u00fcgg\u0151 j\u00e9gp\u00e1nc\u00e9l bor\u00edtotta a v\u00e1rost. A gyalogosok bizonyos v\u00e1rosr\u00e9szekben a j\u00e1rda helyett a m\u0171\u00faton k\u00f6zlekednek. A h\u00f3 ut\u00e1n itt a J\u00c9G! A t\u00e9li csapad\u00e9k \u00fajabb form\u00e1j\u00e1val voltak k\u00e9nytelenek megismerkedni a szolnokiak, akik jobban tett\u00e9k ha elhalasztott\u00e1k reggelre tervezett s\u00e9t\u00e1jukat- j\u00f3llehet napk\u00f6zben sem sokat v\u00e1ltozott a helyzet. Az \u00f3nos [&hellip;]<\/p>\n","protected":false},"author":2,"featured_media":0,"comment_status":"open","ping_status":"open","sticky":false,"template":"","format":"standard","meta":[],"categories":[24],"tags":[],"_links":{"self":[{"href":"http:\/\/archiv.szolnoktv.hu\/index.php?rest_route=\/wp\/v2\/posts\/30025"}],"collection":[{"href":"http:\/\/archiv.szolnoktv.hu\/index.php?rest_route=\/wp\/v2\/posts"}],"about":[{"href":"http:\/\/archiv.szolnoktv.hu\/index.php?rest_route=\/wp\/v2\/types\/post"}],"author":[{"embeddable":true,"href":"http:\/\/archiv.szolnoktv.hu\/index.php?rest_route=\/wp\/v2\/users\/2"}],"replies":[{"embeddable":true,"href":"http:\/\/archiv.szolnoktv.hu\/index.php?rest_route=%2Fwp%2Fv2%2Fcomments&post=30025"}],"version-history":[{"count":1,"href":"http:\/\/archiv.szolnoktv.hu\/index.php?rest_route=\/wp\/v2\/posts\/30025\/revisions"}],"predecessor-version":[{"id":30341,"href":"http:\/\/archiv.szolnoktv.hu\/index.php?rest_route=\/wp\/v2\/posts\/30025\/revisions\/30341"}],"wp:attachment":[{"href":"http:\/\/archiv.szolnoktv.hu\/index.php?rest_route=%2Fwp%2Fv2%2Fmedia&parent=30025"}],"wp:term":[{"taxonomy":"category","embeddable":true,"href":"http:\/\/archiv.szolnoktv.hu\/index.php?rest_route=%2Fwp%2Fv2%2Fcategories&post=30025"},{"taxonomy":"post_tag","embeddable":true,"href":"http:\/\/archiv.szolnoktv.hu\/index.php?rest_route=%2Fwp%2Fv2%2Ftags&post=30025"}],"curies":[{"name":"wp","href":"https:\/\/api.w.org\/{rel}","templated":true}]}}