{"id":30024,"date":"2008-01-04T19:41:36","date_gmt":"2008-01-04T19:41:36","guid":{"rendered":"http:\/\/archiv.szolnoktv.hu\/?p=30024"},"modified":"2021-11-17T11:06:11","modified_gmt":"2021-11-17T11:06:11","slug":"etetik-a-vadat","status":"publish","type":"post","link":"http:\/\/archiv.szolnoktv.hu\/?p=30024","title":{"rendered":"Etetik a vadat"},"content":{"rendered":"<div class='booster-block booster-read-block'><\/div><p>A h\u00f3val bor\u00edtott erd\u0151k\u00f6n, mez\u0151k\u00f6n a vadak is nehezen tal\u00e1lnak \u00e9lelmet. T\u00e9lv\u00edz idej\u00e9n a vad\u00e1szt\u00e1rsas\u00e1gok etetik \u0151ket.<br \/>\nA vad\u00e1szatr\u00f3l sz\u00f3l\u00f3 t\u00f6rv\u00e9ny \u00e9rtelm\u00e9ben a vad\u00e1szatra jogosultaknak fenn kell tartaniuk ter\u00fclet\u00fck vad\u00e1llom\u00e1ny\u00e1t.   Ezt azonban a vad\u00e1szt\u00e1rsas\u00e1gok jogszab\u00e1ly n\u00e9lk\u00fcl is megteszik. Ugyanis a vadb\u00f3l \u00e9lnek. T\u00e9len, amikor a h\u00f3, a j\u00e9g al\u00f3l egyre nehezebb ehet\u0151 gy\u00f6kereket, n\u00f6v\u00e9nyeket tal\u00e1lniuk avadaknak- vad\u00e1szok seg\u00edtik \u00e9letben marad\u00e1sukat. Hetente k\u00e9tszer kapnak szemes term\u00e9nyt az \u00e1llatok. A lucernasz\u00e9na feh\u00e9rjetartalma miatt n\u00e9lk\u00fcl\u00f6zhetetlen t\u00e1pl\u00e1l\u00e9k, a kukorica viszont rendk\u00edv\u00fcl magas sz\u00e9nhidr\u00e1t, azaz energiatartalm\u00e1nak k\u00f6sz\u00f6nheti n\u00e9pszer\u0171s\u00e9g\u00e9t. De b\u00faz\u00e1t, zabot is kapnak t\u00e9lv\u00edz idej\u00e9n az \u0151zek, nyulak. T\u00e1pl\u00e1l\u00e9kuk v\u00e1ltozatoss\u00e1 tehet\u0151 a k\u00fcl\u00f6nf\u00e9le t\u00e1pl\u00e1l\u00e9kkieg\u00e9sz\u00edt\u0151kkel, p\u00e9ld\u00e1ul a nyulak takarm\u00e1nykever\u00e9ket kapnak, az \u0151zek agancsn\u00f6vel\u0151 t\u00e1pszert is ak\u00e1r. A vadon \u00e9l\u0151 \u00e1llatok v\u00edzh\u00e1ztart\u00e1s\u00e1t kihelyezett s\u00f3t\u00f6mb\u00f6kkel \u00e1ll\u00edtj\u00e1k helyre, ezt nyal\u00f3s\u00f3nak nevezik az erd\u00e9szek- vad\u00e1szok. A t\u00e9li h\u00f3napokban kisz\u00f3rt t\u00f6bb tonn\u00e1nyi t\u00e1pl\u00e1l\u00e9k m\u00e9gsem v\u00e9sz el- a vad\u00e1szt\u00e1rsas\u00e1goknak a vad\u00e1szati id\u00e9ny sor\u00e1n t\u00e9r\u00fcl meg ez a fajta befektet\u00e9s.<\/p>\n","protected":false},"excerpt":{"rendered":"<p>A h\u00f3val bor\u00edtott erd\u0151k\u00f6n, mez\u0151k\u00f6n a vadak is nehezen tal\u00e1lnak \u00e9lelmet. T\u00e9lv\u00edz idej\u00e9n a vad\u00e1szt\u00e1rsas\u00e1gok etetik \u0151ket. A vad\u00e1szatr\u00f3l sz\u00f3l\u00f3 t\u00f6rv\u00e9ny \u00e9rtelm\u00e9ben a vad\u00e1szatra jogosultaknak fenn kell tartaniuk ter\u00fclet\u00fck vad\u00e1llom\u00e1ny\u00e1t. Ezt azonban a vad\u00e1szt\u00e1rsas\u00e1gok jogszab\u00e1ly n\u00e9lk\u00fcl is megteszik. Ugyanis a vadb\u00f3l \u00e9lnek. T\u00e9len, amikor a h\u00f3, a j\u00e9g al\u00f3l egyre nehezebb ehet\u0151 gy\u00f6kereket, n\u00f6v\u00e9nyeket tal\u00e1lniuk [&hellip;]<\/p>\n","protected":false},"author":2,"featured_media":0,"comment_status":"open","ping_status":"open","sticky":false,"template":"","format":"standard","meta":[],"categories":[24],"tags":[],"_links":{"self":[{"href":"http:\/\/archiv.szolnoktv.hu\/index.php?rest_route=\/wp\/v2\/posts\/30024"}],"collection":[{"href":"http:\/\/archiv.szolnoktv.hu\/index.php?rest_route=\/wp\/v2\/posts"}],"about":[{"href":"http:\/\/archiv.szolnoktv.hu\/index.php?rest_route=\/wp\/v2\/types\/post"}],"author":[{"embeddable":true,"href":"http:\/\/archiv.szolnoktv.hu\/index.php?rest_route=\/wp\/v2\/users\/2"}],"replies":[{"embeddable":true,"href":"http:\/\/archiv.szolnoktv.hu\/index.php?rest_route=%2Fwp%2Fv2%2Fcomments&post=30024"}],"version-history":[{"count":1,"href":"http:\/\/archiv.szolnoktv.hu\/index.php?rest_route=\/wp\/v2\/posts\/30024\/revisions"}],"predecessor-version":[{"id":30342,"href":"http:\/\/archiv.szolnoktv.hu\/index.php?rest_route=\/wp\/v2\/posts\/30024\/revisions\/30342"}],"wp:attachment":[{"href":"http:\/\/archiv.szolnoktv.hu\/index.php?rest_route=%2Fwp%2Fv2%2Fmedia&parent=30024"}],"wp:term":[{"taxonomy":"category","embeddable":true,"href":"http:\/\/archiv.szolnoktv.hu\/index.php?rest_route=%2Fwp%2Fv2%2Fcategories&post=30024"},{"taxonomy":"post_tag","embeddable":true,"href":"http:\/\/archiv.szolnoktv.hu\/index.php?rest_route=%2Fwp%2Fv2%2Ftags&post=30024"}],"curies":[{"name":"wp","href":"https:\/\/api.w.org\/{rel}","templated":true}]}}