{"id":30023,"date":"2008-01-04T19:38:24","date_gmt":"2008-01-04T19:38:24","guid":{"rendered":"http:\/\/archiv.szolnoktv.hu\/?p=30023"},"modified":"2021-11-17T11:06:11","modified_gmt":"2021-11-17T11:06:11","slug":"hianyzik-a-megallo","status":"publish","type":"post","link":"http:\/\/archiv.szolnoktv.hu\/?p=30023","title":{"rendered":"Hi\u00e1nyzik a meg\u00e1ll\u00f3"},"content":{"rendered":"<div class='booster-block booster-read-block'><\/div><p>A buszok csak a v\u00e1rosb\u00f3l kifel\u00e9 vezet\u0151 ir\u00e1nyban haladhatnak \u00e1t a Kossuth t\u00e9ren. A T\u00e1ncsics \u00e9s szigligeti utc\u00e1kban \u00e9l\u0151knek \u00e9s dolgoz\u00f3knak ez\u00e9rt ak\u00e1r t\u00f6bb sz\u00e1z kilom\u00e9tert is kell gyalogolniuk a k\u00f6vetkez\u0151 busz\u00f6b\u00f6lig. Mindez az id\u0151sek \u00e9s a kismam\u00e1k helyzet\u00e9t nehez\u00edti meg a legjobban.<br \/>\nA buszmeg\u00e1ll\u00f3 ugyan megmaradt, de a buszok m\u00e9gsem j\u00e1rnak a Kossuth t\u00e9ren, legal\u00e1bbis a belv\u00e1ros fel\u00e9 vezet\u0151 ir\u00e1nyban.   A c\u00e9l ez volt: megsz\u00fcntetni a forgalmat az \u00e1t\u00e9p\u00edtett, megsz\u00e9p\u00fclt t\u00e9ren. A T\u00e1ncsics \u00e9s Szigilgeti utc\u00e1kban dolgoz\u00f3k, de f\u0151k\u00e9nt az ott \u00e9l\u0151k helyzet\u00e9t azonban jelent\u0151sen megnehez\u00edti az \u00faj forgalmi rend. Az \u00f6nkorm\u00e1nyzatn\u00e1l ismerik a probl\u00e9m\u00e1t. Fodor Gy\u00f6rgy oszt\u00e1lyvezet\u0151 szerint a forgalmat semmik\u00e9pp sem engedik vissza a t\u00e9rre, a megold\u00e1s azonban k\u00f6z\u00f6s \u00e9rdek. Menk\u00f3 Mih\u00e1ly, a J\u00e1szkun Vol\u00e1n Zrt. helyi \u00fczlet\u00e1gigazgat\u00f3ja \u00e9rdekl\u0151d\u00e9s\u00fcnkre elmondta: t\u00e1rgyalnak a v\u00e1rosvezet\u00e9ssel, a lak\u00f3k probl\u00e9m\u00e1ja azonban  csak akkor old\u00f3dik meg, ha az \u00f6nkorm\u00e1nyzat \u00fagy d\u00f6nt: mindk\u00e9t ir\u00e1nyban \u00e1tengedi a buszokat a Kossuth t\u00e9ren. Az \u00fczlet\u00e1gigazgat\u00f3 szerint a k\u00fclv\u00e1rosban j\u00f3l bev\u00e1lt gy\u0171jt\u0151j\u00e1ratos megold\u00e1st a belv\u00e1rosban nem lehet bevezetni, ehhez is sz\u00fcks\u00e9g lenne ugyanis a t\u00e9rre.<\/p>\n","protected":false},"excerpt":{"rendered":"<p>A buszok csak a v\u00e1rosb\u00f3l kifel\u00e9 vezet\u0151 ir\u00e1nyban haladhatnak \u00e1t a Kossuth t\u00e9ren. A T\u00e1ncsics \u00e9s szigligeti utc\u00e1kban \u00e9l\u0151knek \u00e9s dolgoz\u00f3knak ez\u00e9rt ak\u00e1r t\u00f6bb sz\u00e1z kilom\u00e9tert is kell gyalogolniuk a k\u00f6vetkez\u0151 busz\u00f6b\u00f6lig. Mindez az id\u0151sek \u00e9s a kismam\u00e1k helyzet\u00e9t nehez\u00edti meg a legjobban. A buszmeg\u00e1ll\u00f3 ugyan megmaradt, de a buszok m\u00e9gsem j\u00e1rnak a Kossuth t\u00e9ren, [&hellip;]<\/p>\n","protected":false},"author":2,"featured_media":0,"comment_status":"open","ping_status":"open","sticky":false,"template":"","format":"standard","meta":[],"categories":[24],"tags":[],"_links":{"self":[{"href":"http:\/\/archiv.szolnoktv.hu\/index.php?rest_route=\/wp\/v2\/posts\/30023"}],"collection":[{"href":"http:\/\/archiv.szolnoktv.hu\/index.php?rest_route=\/wp\/v2\/posts"}],"about":[{"href":"http:\/\/archiv.szolnoktv.hu\/index.php?rest_route=\/wp\/v2\/types\/post"}],"author":[{"embeddable":true,"href":"http:\/\/archiv.szolnoktv.hu\/index.php?rest_route=\/wp\/v2\/users\/2"}],"replies":[{"embeddable":true,"href":"http:\/\/archiv.szolnoktv.hu\/index.php?rest_route=%2Fwp%2Fv2%2Fcomments&post=30023"}],"version-history":[{"count":1,"href":"http:\/\/archiv.szolnoktv.hu\/index.php?rest_route=\/wp\/v2\/posts\/30023\/revisions"}],"predecessor-version":[{"id":30343,"href":"http:\/\/archiv.szolnoktv.hu\/index.php?rest_route=\/wp\/v2\/posts\/30023\/revisions\/30343"}],"wp:attachment":[{"href":"http:\/\/archiv.szolnoktv.hu\/index.php?rest_route=%2Fwp%2Fv2%2Fmedia&parent=30023"}],"wp:term":[{"taxonomy":"category","embeddable":true,"href":"http:\/\/archiv.szolnoktv.hu\/index.php?rest_route=%2Fwp%2Fv2%2Fcategories&post=30023"},{"taxonomy":"post_tag","embeddable":true,"href":"http:\/\/archiv.szolnoktv.hu\/index.php?rest_route=%2Fwp%2Fv2%2Ftags&post=30023"}],"curies":[{"name":"wp","href":"https:\/\/api.w.org\/{rel}","templated":true}]}}