{"id":30022,"date":"2008-01-04T19:35:13","date_gmt":"2008-01-04T19:35:13","guid":{"rendered":"http:\/\/archiv.szolnoktv.hu\/?p=30022"},"modified":"2021-11-17T11:06:11","modified_gmt":"2021-11-17T11:06:11","slug":"szolnokra-figyeltek","status":"publish","type":"post","link":"http:\/\/archiv.szolnoktv.hu\/?p=30022","title":{"rendered":"Szolnokra figyeltek"},"content":{"rendered":"<div class='booster-block booster-read-block'><\/div><p>Vil\u00e1gra sz\u00f3l\u00f3 siker. \u00cdgy is lehetne jellemezni a szolnoki Szigligeti Sz\u00ednh\u00e1z szilveszteri g\u00e1l\u00e1j\u00e1t, amelyet a Duna TV k\u00f6zvet\u00edt\u00e9se j\u00f3volt\u00e1b\u00f3l minden f\u00f6ldr\u00e9szre eljutott.<br \/>\nA szilveszteri m&#251;sor a Duna TV 2007-es \u00e9v\u00e9nek legjobb n\u00e9zetts\u00e9g\u00e9t hozta &#8211; \u00e1ll a sz\u00ednh\u00e1zhoz, illetve szerkeszt&#245;s\u00e9g\u00fcnkh\u00f6z is eljuttatott k\u00f6zlem\u00e9nyben, amelyben a telev\u00edzi\u00f3s t\u00e1rsas\u00e1g egyben k\u00f6sz\u00f6net\u00e9t is kifejezte a g\u00e1la szerepl&#245;inek, valamint a te\u00e1trum valamennyi munkat\u00e1rs\u00e1nak. A Duna TV nagyon sok pozit\u00edv visszajelz\u00e9st kapott, miszerint a n\u00e9z&#245;k n\u00edv\u00f3s, sz\u00ednvonalas el&#245;ad\u00e1st l\u00e1thattak az \u00e9v utols\u00f3 est\u00e9j\u00e9n. \u00c9jf\u00e9l t\u00e1jban a m\u00e9r\u00e9sek szerint t\u00f6bb mint 1 milli\u00f3 200 ezren kapcsoltak erre a csatorn\u00e1ra.<\/p>\n","protected":false},"excerpt":{"rendered":"<p>Vil\u00e1gra sz\u00f3l\u00f3 siker. \u00cdgy is lehetne jellemezni a szolnoki Szigligeti Sz\u00ednh\u00e1z szilveszteri g\u00e1l\u00e1j\u00e1t, amelyet a Duna TV k\u00f6zvet\u00edt\u00e9se j\u00f3volt\u00e1b\u00f3l minden f\u00f6ldr\u00e9szre eljutott. A szilveszteri m&#251;sor a Duna TV 2007-es \u00e9v\u00e9nek legjobb n\u00e9zetts\u00e9g\u00e9t hozta &#8211; \u00e1ll a sz\u00ednh\u00e1zhoz, illetve szerkeszt&#245;s\u00e9g\u00fcnkh\u00f6z is eljuttatott k\u00f6zlem\u00e9nyben, amelyben a telev\u00edzi\u00f3s t\u00e1rsas\u00e1g egyben k\u00f6sz\u00f6net\u00e9t is kifejezte a g\u00e1la szerepl&#245;inek, valamint a [&hellip;]<\/p>\n","protected":false},"author":2,"featured_media":0,"comment_status":"open","ping_status":"open","sticky":false,"template":"","format":"standard","meta":[],"categories":[24],"tags":[],"_links":{"self":[{"href":"http:\/\/archiv.szolnoktv.hu\/index.php?rest_route=\/wp\/v2\/posts\/30022"}],"collection":[{"href":"http:\/\/archiv.szolnoktv.hu\/index.php?rest_route=\/wp\/v2\/posts"}],"about":[{"href":"http:\/\/archiv.szolnoktv.hu\/index.php?rest_route=\/wp\/v2\/types\/post"}],"author":[{"embeddable":true,"href":"http:\/\/archiv.szolnoktv.hu\/index.php?rest_route=\/wp\/v2\/users\/2"}],"replies":[{"embeddable":true,"href":"http:\/\/archiv.szolnoktv.hu\/index.php?rest_route=%2Fwp%2Fv2%2Fcomments&post=30022"}],"version-history":[{"count":1,"href":"http:\/\/archiv.szolnoktv.hu\/index.php?rest_route=\/wp\/v2\/posts\/30022\/revisions"}],"predecessor-version":[{"id":30344,"href":"http:\/\/archiv.szolnoktv.hu\/index.php?rest_route=\/wp\/v2\/posts\/30022\/revisions\/30344"}],"wp:attachment":[{"href":"http:\/\/archiv.szolnoktv.hu\/index.php?rest_route=%2Fwp%2Fv2%2Fmedia&parent=30022"}],"wp:term":[{"taxonomy":"category","embeddable":true,"href":"http:\/\/archiv.szolnoktv.hu\/index.php?rest_route=%2Fwp%2Fv2%2Fcategories&post=30022"},{"taxonomy":"post_tag","embeddable":true,"href":"http:\/\/archiv.szolnoktv.hu\/index.php?rest_route=%2Fwp%2Fv2%2Ftags&post=30022"}],"curies":[{"name":"wp","href":"https:\/\/api.w.org\/{rel}","templated":true}]}}