{"id":30021,"date":"2008-01-04T19:33:45","date_gmt":"2008-01-04T19:33:45","guid":{"rendered":"http:\/\/archiv.szolnoktv.hu\/?p=30021"},"modified":"2021-11-17T11:06:11","modified_gmt":"2021-11-17T11:06:11","slug":"vege-a-tuzeskedesnek","status":"publish","type":"post","link":"http:\/\/archiv.szolnoktv.hu\/?p=30021","title":{"rendered":"V\u00e9ge a t\u00fczesked\u00e9snek"},"content":{"rendered":"<div class='booster-block booster-read-block'><\/div><p>janu\u00e1r 5.- ig lehet visszav\u00e1ltani a szilveszteri mulats\u00e1g sor\u00e1n fel nem haszn\u00e1lt pirotechnikai eszk\u00f6z\u00f6ket. Janu\u00e1r \u00f6t\u00f6dike ut\u00e1n a t&#251;zij\u00e1t\u00e9kok birtokl\u00e1sa szab\u00e1lys\u00e9rt\u00e9snek min&#245;s\u00fcl. Tal\u00e1n a sikeres szilveszteri durrogtat\u00e1s az oka, de \u00e9vente alig egy- k\u00e9t ember \u00e9l a visszav\u00e1s\u00e1rl\u00e1s lehet&#245;s\u00e9g\u00e9vel.<br \/>\nA &#8222;j\u00e1t\u00e9kos pirotechnikai eszk\u00f6z\u00f6ket&#8221; december harmincegyedike tizennyolc \u00e9s janu\u00e1r elseje hat \u00f3ra k\u00f6zt lehetett elhaszn\u00e1lni.  A jogszab\u00e1ly adta lehet&#245;s\u00e9ggel t\u00f6bb t\u00edzezren \u00e9ltek e haz\u00e1ban, az \u00f3\u00e9vb\u00facs\u00faztat\u00f3 mulats\u00e1gok \u00e1tmeneti csendj\u00e9t kisebb- nagyobb durran\u00e1sok \u00e9s f\u00e9nycs\u00f3v\u00e1k t\u00f6rt\u00e9k meg. K\u00e9t- h\u00e1romsz\u00e1z forint\u00e9rt is hozz\u00e1 lehetett jutni a legolcs\u00f3bb pirotechnikai eszk\u00f6z\u00f6kh\u00f6z, a legdr\u00e1g\u00e1bbak t\u00edzezrek\u00e9rt keltek el. Janu\u00e1r \u00f6t\u00f6dik\u00e9ig lehet birtokolni a fel nem haszn\u00e1lt t&#251;zij\u00e1t\u00e9kokat, felhaszn\u00e1lni azonban m\u00e1r tilos. Szombatig viszont az el nem durrantott pirotechnikai elemeket a v\u00e1s\u00e1rl\u00e1s hely\u00e9n vissza lehet v\u00e1ltani. A szilveszteri bulik hangos siker\u00e9t jelezheti, hogy embereml\u00e9kezet \u00f3ta nem t\u00f6rt\u00e9nik t\u00f6meg\u00e9vel t&#251;zij\u00e1t\u00e9k- visszav\u00e1lt\u00e1s. Pedig janu\u00e1r hatodik\u00e1t\u00f3l t\u00f6bb t\u00edzezres b\u00edrs\u00e1ggal s\u00fajthat\u00f3 az, aki ak\u00e1r sz\u00fclet\u00e9snapra, kerti partira, vagy a k\u00f6vetkez&#245; \u00f3\u00e9vb\u00facs\u00faztat\u00f3ra gondolva sp\u00e1jzolja be a pet\u00e1rd\u00e1kat.<\/p>\n","protected":false},"excerpt":{"rendered":"<p>janu\u00e1r 5.- ig lehet visszav\u00e1ltani a szilveszteri mulats\u00e1g sor\u00e1n fel nem haszn\u00e1lt pirotechnikai eszk\u00f6z\u00f6ket. Janu\u00e1r \u00f6t\u00f6dike ut\u00e1n a t&#251;zij\u00e1t\u00e9kok birtokl\u00e1sa szab\u00e1lys\u00e9rt\u00e9snek min&#245;s\u00fcl. Tal\u00e1n a sikeres szilveszteri durrogtat\u00e1s az oka, de \u00e9vente alig egy- k\u00e9t ember \u00e9l a visszav\u00e1s\u00e1rl\u00e1s lehet&#245;s\u00e9g\u00e9vel. A &#8222;j\u00e1t\u00e9kos pirotechnikai eszk\u00f6z\u00f6ket&#8221; december harmincegyedike tizennyolc \u00e9s janu\u00e1r elseje hat \u00f3ra k\u00f6zt lehetett elhaszn\u00e1lni. A [&hellip;]<\/p>\n","protected":false},"author":2,"featured_media":0,"comment_status":"open","ping_status":"open","sticky":false,"template":"","format":"standard","meta":[],"categories":[24],"tags":[],"_links":{"self":[{"href":"http:\/\/archiv.szolnoktv.hu\/index.php?rest_route=\/wp\/v2\/posts\/30021"}],"collection":[{"href":"http:\/\/archiv.szolnoktv.hu\/index.php?rest_route=\/wp\/v2\/posts"}],"about":[{"href":"http:\/\/archiv.szolnoktv.hu\/index.php?rest_route=\/wp\/v2\/types\/post"}],"author":[{"embeddable":true,"href":"http:\/\/archiv.szolnoktv.hu\/index.php?rest_route=\/wp\/v2\/users\/2"}],"replies":[{"embeddable":true,"href":"http:\/\/archiv.szolnoktv.hu\/index.php?rest_route=%2Fwp%2Fv2%2Fcomments&post=30021"}],"version-history":[{"count":1,"href":"http:\/\/archiv.szolnoktv.hu\/index.php?rest_route=\/wp\/v2\/posts\/30021\/revisions"}],"predecessor-version":[{"id":30345,"href":"http:\/\/archiv.szolnoktv.hu\/index.php?rest_route=\/wp\/v2\/posts\/30021\/revisions\/30345"}],"wp:attachment":[{"href":"http:\/\/archiv.szolnoktv.hu\/index.php?rest_route=%2Fwp%2Fv2%2Fmedia&parent=30021"}],"wp:term":[{"taxonomy":"category","embeddable":true,"href":"http:\/\/archiv.szolnoktv.hu\/index.php?rest_route=%2Fwp%2Fv2%2Fcategories&post=30021"},{"taxonomy":"post_tag","embeddable":true,"href":"http:\/\/archiv.szolnoktv.hu\/index.php?rest_route=%2Fwp%2Fv2%2Ftags&post=30021"}],"curies":[{"name":"wp","href":"https:\/\/api.w.org\/{rel}","templated":true}]}}