{"id":30020,"date":"2008-01-04T19:28:41","date_gmt":"2008-01-04T19:28:41","guid":{"rendered":"http:\/\/archiv.szolnoktv.hu\/?p=30020"},"modified":"2021-11-17T11:06:11","modified_gmt":"2021-11-17T11:06:11","slug":"csillagszoro-hadmuvelet-3","status":"publish","type":"post","link":"http:\/\/archiv.szolnoktv.hu\/?p=30020","title":{"rendered":"Csillagsz\u00f3r\u00f3 hadm\u0171velet"},"content":{"rendered":"<div class='booster-block booster-read-block'><\/div><p>Csillagsz\u00f3r\u00f3 akci\u00f3. November v\u00e9ge \u00f3ta tart az orsz\u00e1gos fogyaszt\u00f3v\u00e9delmi hadm\u0171velet. A program keret\u00e9ben \u00f6sszesen 7 hat\u00f3s\u00e1g tart ellen\u0151rz\u00e9seket a vend\u00e9gl\u00e1t\u00f3helyeken, piacokon \u00e9s \u00e1ruh\u00e1zakban. A fokozott vizsg\u00e1latok m\u00e9g a j\u00f6v&#245; h\u00e9ten is folytat\u00f3dnak.<br \/>\nVal\u00f3sz\u00edn\u0171leg sokakat \u00e9rt m\u00e1r bossz\u00fas\u00e1g lej\u00e1rt szavatoss\u00e1g\u00fa \u00e9lelmiszer v\u00e1s\u00e1rl\u00e1sa miatt. Hogy az ilyen kellemetlens\u00e9geket elker\u00fclj\u00e9k, a gyakorlottabb v\u00e1s\u00e1rl\u00f3k m\u00e9g azel\u0151tt ellen\u0151rzik a term\u00e9k szavatoss\u00e1gi idej\u00e9t, hogy azt a kos\u00e1rba pakoln\u00e1k. Az \u00e9vv\u00e9gi \u00fcnnepek idej\u00e9n m\u00e9g gyakoribbak az \u00e1tc\u00edmk\u00e9z\u00e9sek \u00e9s a lej\u00e1rt szavatoss\u00e1g\u00fa term\u00e9kek akci\u00f3s \u00e1rus\u00edt\u00e1sa.   A korm\u00e1ny ez\u00e9rt ind\u00edtotta m\u00e9g tavaly november v\u00e9g\u00e9n a Csillagsz\u00f3r\u00f3 elnevez\u00e9s\u0171 orsz\u00e1gos fogyaszt\u00f3v\u00e9delmi programot: hogy a fokozottabb ellen\u0151rz\u00e9sekkel v\u00e9dj\u00e9k a fogyaszt\u00f3k jogait \u00e9s \u00e9rdekeit. A hadm\u0171velethez megy\u00e9nk is csatlakozott: a szolnoki \u00c1llateg\u00e9szs\u00e9g\u00fcgyi \u00e9s \u00c9lelmiszerellen\u0151rz\u00e9si Igazgat\u00f3s\u00e1g munkat\u00e1rsai a b\u0151 egy h\u00f3nap alatt t\u00f6bb mint 1200 \u00e9lelmiszert vizsg\u00e1ltak meg. &#8220;Jelen pillanatban kb olyan 4 sz\u00e1zal\u00e9ka a megvizsg\u00e1lt t\u00e9teleknek kifog\u00e1solhat\u00f3.&#8221;&#8221;- \u00e1ll\u00edtja a szakember.A szakember v\u00e9lem\u00e9nye szerint a magas sz\u00e1m legink\u00e1bb annak k\u00f6sz\u00f6nhet\u0151<br \/>\nhogy a program sor\u00e1n t\u00f6bb \u00e9s t\u00fczetesebb ellen\u0151rz\u00e9st folytattak<br \/>\nmint kor\u00e1bban.<br \/>A Fogyaszt\u00f3v\u00e9delmi Fel\u00fcgyel\u0151s\u00e9g munkat\u00e1rsai is folyamatosan razzi\u00e1znak november v\u00e9ge \u00f3ta. Els\u0151sorban a kar\u00e1csonyi aj\u00e1nd\u00e9koz\u00e1skor sl\u00e1ger kozmetikai cikkeket<\/p>\n","protected":false},"excerpt":{"rendered":"<p>Csillagsz\u00f3r\u00f3 akci\u00f3. November v\u00e9ge \u00f3ta tart az orsz\u00e1gos fogyaszt\u00f3v\u00e9delmi hadm\u0171velet. A program keret\u00e9ben \u00f6sszesen 7 hat\u00f3s\u00e1g tart ellen\u0151rz\u00e9seket a vend\u00e9gl\u00e1t\u00f3helyeken, piacokon \u00e9s \u00e1ruh\u00e1zakban. A fokozott vizsg\u00e1latok m\u00e9g a j\u00f6v&#245; h\u00e9ten is folytat\u00f3dnak. Val\u00f3sz\u00edn\u0171leg sokakat \u00e9rt m\u00e1r bossz\u00fas\u00e1g lej\u00e1rt szavatoss\u00e1g\u00fa \u00e9lelmiszer v\u00e1s\u00e1rl\u00e1sa miatt. Hogy az ilyen kellemetlens\u00e9geket elker\u00fclj\u00e9k, a gyakorlottabb v\u00e1s\u00e1rl\u00f3k m\u00e9g azel\u0151tt ellen\u0151rzik a term\u00e9k [&hellip;]<\/p>\n","protected":false},"author":2,"featured_media":0,"comment_status":"open","ping_status":"open","sticky":false,"template":"","format":"standard","meta":[],"categories":[24],"tags":[],"_links":{"self":[{"href":"http:\/\/archiv.szolnoktv.hu\/index.php?rest_route=\/wp\/v2\/posts\/30020"}],"collection":[{"href":"http:\/\/archiv.szolnoktv.hu\/index.php?rest_route=\/wp\/v2\/posts"}],"about":[{"href":"http:\/\/archiv.szolnoktv.hu\/index.php?rest_route=\/wp\/v2\/types\/post"}],"author":[{"embeddable":true,"href":"http:\/\/archiv.szolnoktv.hu\/index.php?rest_route=\/wp\/v2\/users\/2"}],"replies":[{"embeddable":true,"href":"http:\/\/archiv.szolnoktv.hu\/index.php?rest_route=%2Fwp%2Fv2%2Fcomments&post=30020"}],"version-history":[{"count":1,"href":"http:\/\/archiv.szolnoktv.hu\/index.php?rest_route=\/wp\/v2\/posts\/30020\/revisions"}],"predecessor-version":[{"id":30346,"href":"http:\/\/archiv.szolnoktv.hu\/index.php?rest_route=\/wp\/v2\/posts\/30020\/revisions\/30346"}],"wp:attachment":[{"href":"http:\/\/archiv.szolnoktv.hu\/index.php?rest_route=%2Fwp%2Fv2%2Fmedia&parent=30020"}],"wp:term":[{"taxonomy":"category","embeddable":true,"href":"http:\/\/archiv.szolnoktv.hu\/index.php?rest_route=%2Fwp%2Fv2%2Fcategories&post=30020"},{"taxonomy":"post_tag","embeddable":true,"href":"http:\/\/archiv.szolnoktv.hu\/index.php?rest_route=%2Fwp%2Fv2%2Ftags&post=30020"}],"curies":[{"name":"wp","href":"https:\/\/api.w.org\/{rel}","templated":true}]}}