{"id":30019,"date":"2008-01-04T19:24:34","date_gmt":"2008-01-04T19:24:34","guid":{"rendered":"http:\/\/archiv.szolnoktv.hu\/?p=30019"},"modified":"2021-11-17T11:06:11","modified_gmt":"2021-11-17T11:06:11","slug":"atrendezodo-eletmentes","status":"publish","type":"post","link":"http:\/\/archiv.szolnoktv.hu\/?p=30019","title":{"rendered":"\u00c1trendez\u0151d\u0151 \u00e9letment\u00e9s"},"content":{"rendered":"<div class='booster-block booster-read-block'><\/div><p>Egy rendelet alapj\u00e1n janu\u00e1r elsej\u00e9t\u0151l k\u00fcl\u00f6nv\u00e1lt egym\u00e1st\u00f3l a ment\u00e9s \u00e9s a betegsz\u00e1ll\u00edt\u00e1s. Ezent\u00fal a ment\u0151knek t\u00f6bb idej\u00fck marad az \u00e9letek ment\u00e9s\u00e9re, a betegsz\u00e1ll\u00edt\u00f3 c\u00e9geknek viszont h\u00e1romszoros\u00e1ra n\u0151 a feladatuk, anyagilag viszont egyel\u0151re nem biztos\u00edtott a h\u00e1tter\u00fck.<br \/>\nAz \u00e9letment\u00e9s, az utcai ment\u00e9s illetve a s\u00falyos \u00e1llapot\u00fa emberek sz\u00e1ll\u00edt\u00e1sa tov\u00e1bbra is a ment\u0151k feladata marad, az \u00f6sszes t\u00f6bbi az alternat\u00edv sz\u00e1ll\u00edt\u00f3kra h\u00e1rul. A rendelet szerint, a h\u00e1ziorvosok d\u00f6ntik el, hogy szakszem\u00e9lyzeti ell\u00e1t\u00e1st is ig\u00e9nyel-e egy-egy beteg elsz\u00e1ll\u00edt\u00e1sa, vagy alternat\u00edv betegsz\u00e1ll\u00edt\u00f3 is eljuttathatja a p\u00e1cienst, otthon\u00e1b\u00f3l az ell\u00e1t\u00f3 int\u00e9zm\u00e9nybe, illetve vissza. Szolnok megy\u00e9ben \u00f6sszesen 7 alternat\u00edv betegsz\u00e1ll\u00edt\u00f3 c\u00e9g l\u00e1tja el a feladatokat, 23 kocsival. Ennyien voltak akkor is, amikor m\u00e9g a ment\u0151k is v\u00e9geztek betegsz\u00e1ll\u00edt\u00e1st \u00e9s ennnyien maradtak azut\u00e1n is, miut\u00e1n janu\u00e1r elsej\u00e9t\u0151l, 100%-ban \u00e1tvett\u00e9k t\u0151l\u00fck a munk\u00e1t. A rendelkez\u00e9s alapj\u00e1n az \u00fcl\u0151betegsz\u00e1ll\u00edt\u00e1sban minim\u00e1lis, 10-15%-kos n\u00f6veked\u00e9s \u00e9rz\u00e9kelnek az alternat\u00edv sz\u00e1ll\u00edt\u00f3 c\u00e9gek. A fekv\u0151betegek eset\u00e9ben azonban drasztikusan, k\u00f6r\u00fclbel\u00fcl 3-szoros\u00e1val n\u0151 a feladatok sz\u00e1ma. Az anyagi t\u00e1mogat\u00e1s viszont, egyel\u0151re nem k\u00f6veti ezt a megn\u00f6vekedett t\u00f6bbletmunk\u00e1t.<\/p>\n","protected":false},"excerpt":{"rendered":"<p>Egy rendelet alapj\u00e1n janu\u00e1r elsej\u00e9t\u0151l k\u00fcl\u00f6nv\u00e1lt egym\u00e1st\u00f3l a ment\u00e9s \u00e9s a betegsz\u00e1ll\u00edt\u00e1s. Ezent\u00fal a ment\u0151knek t\u00f6bb idej\u00fck marad az \u00e9letek ment\u00e9s\u00e9re, a betegsz\u00e1ll\u00edt\u00f3 c\u00e9geknek viszont h\u00e1romszoros\u00e1ra n\u0151 a feladatuk, anyagilag viszont egyel\u0151re nem biztos\u00edtott a h\u00e1tter\u00fck. Az \u00e9letment\u00e9s, az utcai ment\u00e9s illetve a s\u00falyos \u00e1llapot\u00fa emberek sz\u00e1ll\u00edt\u00e1sa tov\u00e1bbra is a ment\u0151k feladata marad, az \u00f6sszes [&hellip;]<\/p>\n","protected":false},"author":2,"featured_media":0,"comment_status":"open","ping_status":"open","sticky":false,"template":"","format":"standard","meta":[],"categories":[24],"tags":[],"_links":{"self":[{"href":"http:\/\/archiv.szolnoktv.hu\/index.php?rest_route=\/wp\/v2\/posts\/30019"}],"collection":[{"href":"http:\/\/archiv.szolnoktv.hu\/index.php?rest_route=\/wp\/v2\/posts"}],"about":[{"href":"http:\/\/archiv.szolnoktv.hu\/index.php?rest_route=\/wp\/v2\/types\/post"}],"author":[{"embeddable":true,"href":"http:\/\/archiv.szolnoktv.hu\/index.php?rest_route=\/wp\/v2\/users\/2"}],"replies":[{"embeddable":true,"href":"http:\/\/archiv.szolnoktv.hu\/index.php?rest_route=%2Fwp%2Fv2%2Fcomments&post=30019"}],"version-history":[{"count":1,"href":"http:\/\/archiv.szolnoktv.hu\/index.php?rest_route=\/wp\/v2\/posts\/30019\/revisions"}],"predecessor-version":[{"id":30347,"href":"http:\/\/archiv.szolnoktv.hu\/index.php?rest_route=\/wp\/v2\/posts\/30019\/revisions\/30347"}],"wp:attachment":[{"href":"http:\/\/archiv.szolnoktv.hu\/index.php?rest_route=%2Fwp%2Fv2%2Fmedia&parent=30019"}],"wp:term":[{"taxonomy":"category","embeddable":true,"href":"http:\/\/archiv.szolnoktv.hu\/index.php?rest_route=%2Fwp%2Fv2%2Fcategories&post=30019"},{"taxonomy":"post_tag","embeddable":true,"href":"http:\/\/archiv.szolnoktv.hu\/index.php?rest_route=%2Fwp%2Fv2%2Ftags&post=30019"}],"curies":[{"name":"wp","href":"https:\/\/api.w.org\/{rel}","templated":true}]}}