{"id":30016,"date":"2008-01-03T20:52:52","date_gmt":"2008-01-03T20:52:52","guid":{"rendered":"http:\/\/archiv.szolnoktv.hu\/?p=30016"},"modified":"2021-11-17T11:06:11","modified_gmt":"2021-11-17T11:06:11","slug":"fenyofak-az-utcan","status":"publish","type":"post","link":"http:\/\/archiv.szolnoktv.hu\/?p=30016","title":{"rendered":"Feny\u0151f\u00e1k az utc\u00e1n"},"content":{"rendered":"<div class='booster-block booster-read-block'><\/div><p>J\u00e1rtunkban-kelt\u00fcnkben, elv\u00e9tve m\u00e1r l\u00e1thatunk az utc\u00e1n egy-egy kidobott t\u0171level\u0171t, amelyek igen gyakran nem a kuk\u00e1k mellett, hanem a k\u00f6ztereken cs\u00fafoskodnak.<br \/>\nJanu\u00e1r 6-a, azaz v\u00edzkereszt, eh\u00e9t vas\u00e1rnapj\u00e1ra esik. Ez az alkalom a kar\u00e1csonyi 12 napos \u00fcnnepk\u00f6r z\u00e1r\u00f3napja, \u00e9s a farsangi id\u0151szak kezdete is egyben. A kar\u00e1csonyf\u00e1k ilyenkor lassan elkezdik hullatni leveleiket, \u00edgy sokan m\u00e1r ekkor megszabadulnak a szenteste m\u00e9g k\u00f6rberajongott, mostanra azonban feleslegess\u00e9 v\u00e1l\u00f3 feny\u0151f\u00e1kt\u00f3l. A Remondis Zrt, \u00e9s a v\u00e1rosvezet\u00e9s meg\u00e1llapod\u00e1sa alapj\u00e1n, a j\u00f3 helyen lerakott f\u00e1k elsz\u00e1ll\u00edt\u00e1sa, biztos\u00edtva van.  Janu\u00e1r 12-\u00e9n \u00e9s 13-\u00e1n, szombaton \u00e9s vas\u00e1rnap, a Remondis k\u00fcl\u00f6n j\u00e1ratokat szervez a kiselejtezett feny\u0151f\u00e1k begy\u0171jt\u00e9s\u00e9re. Ekkor m\u00e1r szelekt\u00e1lj\u00e1k a feny\u0151f\u00e1kat, amelyek a k\u00e9tp\u00f3i hullad\u00e9klerak\u00f3 komposzt\u00e1l\u00f3j\u00e1ba ker\u00fclnek, hogy \u00fajrahasznos\u00edts\u00e1k \u0151ket.<\/p>\n","protected":false},"excerpt":{"rendered":"<p>J\u00e1rtunkban-kelt\u00fcnkben, elv\u00e9tve m\u00e1r l\u00e1thatunk az utc\u00e1n egy-egy kidobott t\u0171level\u0171t, amelyek igen gyakran nem a kuk\u00e1k mellett, hanem a k\u00f6ztereken cs\u00fafoskodnak. Janu\u00e1r 6-a, azaz v\u00edzkereszt, eh\u00e9t vas\u00e1rnapj\u00e1ra esik. Ez az alkalom a kar\u00e1csonyi 12 napos \u00fcnnepk\u00f6r z\u00e1r\u00f3napja, \u00e9s a farsangi id\u0151szak kezdete is egyben. A kar\u00e1csonyf\u00e1k ilyenkor lassan elkezdik hullatni leveleiket, \u00edgy sokan m\u00e1r ekkor megszabadulnak [&hellip;]<\/p>\n","protected":false},"author":2,"featured_media":0,"comment_status":"open","ping_status":"open","sticky":false,"template":"","format":"standard","meta":[],"categories":[24],"tags":[],"_links":{"self":[{"href":"http:\/\/archiv.szolnoktv.hu\/index.php?rest_route=\/wp\/v2\/posts\/30016"}],"collection":[{"href":"http:\/\/archiv.szolnoktv.hu\/index.php?rest_route=\/wp\/v2\/posts"}],"about":[{"href":"http:\/\/archiv.szolnoktv.hu\/index.php?rest_route=\/wp\/v2\/types\/post"}],"author":[{"embeddable":true,"href":"http:\/\/archiv.szolnoktv.hu\/index.php?rest_route=\/wp\/v2\/users\/2"}],"replies":[{"embeddable":true,"href":"http:\/\/archiv.szolnoktv.hu\/index.php?rest_route=%2Fwp%2Fv2%2Fcomments&post=30016"}],"version-history":[{"count":1,"href":"http:\/\/archiv.szolnoktv.hu\/index.php?rest_route=\/wp\/v2\/posts\/30016\/revisions"}],"predecessor-version":[{"id":30350,"href":"http:\/\/archiv.szolnoktv.hu\/index.php?rest_route=\/wp\/v2\/posts\/30016\/revisions\/30350"}],"wp:attachment":[{"href":"http:\/\/archiv.szolnoktv.hu\/index.php?rest_route=%2Fwp%2Fv2%2Fmedia&parent=30016"}],"wp:term":[{"taxonomy":"category","embeddable":true,"href":"http:\/\/archiv.szolnoktv.hu\/index.php?rest_route=%2Fwp%2Fv2%2Fcategories&post=30016"},{"taxonomy":"post_tag","embeddable":true,"href":"http:\/\/archiv.szolnoktv.hu\/index.php?rest_route=%2Fwp%2Fv2%2Ftags&post=30016"}],"curies":[{"name":"wp","href":"https:\/\/api.w.org\/{rel}","templated":true}]}}