{"id":30015,"date":"2008-01-03T20:46:41","date_gmt":"2008-01-03T20:46:41","guid":{"rendered":"http:\/\/archiv.szolnoktv.hu\/?p=30015"},"modified":"2021-11-17T11:06:11","modified_gmt":"2021-11-17T11:06:11","slug":"vizitdij-visszaterites","status":"publish","type":"post","link":"http:\/\/archiv.szolnoktv.hu\/?p=30015","title":{"rendered":"Vizitd\u00edj visszat\u00e9r\u00edt\u00e9s"},"content":{"rendered":"<div class='booster-block booster-read-block'><\/div><p>300 forint \u00e9s 7500 forint. Ennyi volt a legkisebb, illetve a legnagyobb \u00f6sszeg\u0171 vizitd\u00edj visszat\u00e9r\u00edt\u00e9s az elm\u00falt \u00e9vben Szolnokon.<br \/>\nA vizitd\u00edjat 2007. febru\u00e1r 15-\u00e9n vezett\u00e9k be, a polg\u00e1rmesteri hivatalhoz tavaly j\u00faniusban \u00e9rkeztek meg az els\u0151 visszaig\u00e9nyl\u00e9si k\u00e9relmek. Ennek felt\u00e9tele, hogy legal\u00e1bb 20 vizitd\u00edj sz\u00e1ml\u00e1t \u00f6sszegy\u0171jts\u00f6n valaki \u00e9s az e f\u00f6l\u00f6ttiek ut\u00e1n lehet k\u00e9rni a visszat\u00e9r\u00edt\u00e9st. Fontos az is, hogy k\u00fcl\u00f6n kell gy\u0171jteni a h\u00e1zi- \u00e9s k\u00fcl\u00f6n a szakorvosi nyugt\u00e1kat. A legalacsonyabb visszautalt \u00f6sszeg 300, m\u00edg a legmagasabb 7500 forint volt. A havonta egy kijel\u00f6lt napot t\u00fal \u00fcgyf\u00e9lfogad\u00e1si id\u0151ben is \u00e1tvett\u00e9k a k\u00e9relmeket, igaz ezekben az esetekben vagy postai \u00faton kapta meg az ig\u00e9nyl\u0151 a p\u00e9nzt, vagy egy el\u0151re egyeztetett id\u0151pontban, k\u00e9szp\u00e9nzben. A nagyobb probl\u00e9m\u00e1t a postai \u00faton bek\u00fcld\u00f6tt sz\u00e1ml\u00e1k jelentett\u00e9k, az \u00fcgyint\u00e9z\u00e9si id\u0151t ugyanis meghosszabb\u00edtotta a k\u00e9relmek kik\u00fcld\u00e9se \u00e9s vissza\u00e9rkez\u00e9se. Ez\u00e9rt azt javasolj\u00e1k, hogy lehet\u0151leg szem\u00e9lyesen, vagy meghatalmazott \u00fatj\u00e1n keress\u00e9k fel a visszaig\u00e9nyl\u0151k a polg\u00e1rmesteri hivatalt. A napt\u00e1ri \u00e9vnek ugyan v\u00e9ge van, de az \u00f6sszegy\u0171jt\u00f6tt sz\u00e1m\u00e1l nem vesznek k\u00e1rba. A visszaig\u00e9nyl\u00e9si k\u00e9relmeket 2008. febru\u00e1r 29-ig tudja befogadni a polg\u00e1rmesteri hivatal.<\/p>\n","protected":false},"excerpt":{"rendered":"<p>300 forint \u00e9s 7500 forint. Ennyi volt a legkisebb, illetve a legnagyobb \u00f6sszeg\u0171 vizitd\u00edj visszat\u00e9r\u00edt\u00e9s az elm\u00falt \u00e9vben Szolnokon. A vizitd\u00edjat 2007. febru\u00e1r 15-\u00e9n vezett\u00e9k be, a polg\u00e1rmesteri hivatalhoz tavaly j\u00faniusban \u00e9rkeztek meg az els\u0151 visszaig\u00e9nyl\u00e9si k\u00e9relmek. Ennek felt\u00e9tele, hogy legal\u00e1bb 20 vizitd\u00edj sz\u00e1ml\u00e1t \u00f6sszegy\u0171jts\u00f6n valaki \u00e9s az e f\u00f6l\u00f6ttiek ut\u00e1n lehet k\u00e9rni a visszat\u00e9r\u00edt\u00e9st. [&hellip;]<\/p>\n","protected":false},"author":2,"featured_media":0,"comment_status":"open","ping_status":"open","sticky":false,"template":"","format":"standard","meta":[],"categories":[24],"tags":[],"_links":{"self":[{"href":"http:\/\/archiv.szolnoktv.hu\/index.php?rest_route=\/wp\/v2\/posts\/30015"}],"collection":[{"href":"http:\/\/archiv.szolnoktv.hu\/index.php?rest_route=\/wp\/v2\/posts"}],"about":[{"href":"http:\/\/archiv.szolnoktv.hu\/index.php?rest_route=\/wp\/v2\/types\/post"}],"author":[{"embeddable":true,"href":"http:\/\/archiv.szolnoktv.hu\/index.php?rest_route=\/wp\/v2\/users\/2"}],"replies":[{"embeddable":true,"href":"http:\/\/archiv.szolnoktv.hu\/index.php?rest_route=%2Fwp%2Fv2%2Fcomments&post=30015"}],"version-history":[{"count":1,"href":"http:\/\/archiv.szolnoktv.hu\/index.php?rest_route=\/wp\/v2\/posts\/30015\/revisions"}],"predecessor-version":[{"id":30351,"href":"http:\/\/archiv.szolnoktv.hu\/index.php?rest_route=\/wp\/v2\/posts\/30015\/revisions\/30351"}],"wp:attachment":[{"href":"http:\/\/archiv.szolnoktv.hu\/index.php?rest_route=%2Fwp%2Fv2%2Fmedia&parent=30015"}],"wp:term":[{"taxonomy":"category","embeddable":true,"href":"http:\/\/archiv.szolnoktv.hu\/index.php?rest_route=%2Fwp%2Fv2%2Fcategories&post=30015"},{"taxonomy":"post_tag","embeddable":true,"href":"http:\/\/archiv.szolnoktv.hu\/index.php?rest_route=%2Fwp%2Fv2%2Ftags&post=30015"}],"curies":[{"name":"wp","href":"https:\/\/api.w.org\/{rel}","templated":true}]}}