{"id":30012,"date":"2008-01-03T20:28:46","date_gmt":"2008-01-03T20:28:46","guid":{"rendered":"http:\/\/archiv.szolnoktv.hu\/?p=30012"},"modified":"2021-11-17T11:06:12","modified_gmt":"2021-11-17T11:06:12","slug":"trelernek-hajtott-2","status":"publish","type":"post","link":"http:\/\/archiv.szolnoktv.hu\/?p=30012","title":{"rendered":"Tr\u00e9lernek hajtott"},"content":{"rendered":"<div class='booster-block booster-read-block'><\/div><p>Aut\u00f3sz\u00e1ll\u00edt\u00f3 tr\u00e9lernek rohant egy aut\u00f3 d\u00e9lel\u0151tt a Sz\u00e9chenyi lak\u00f3telepen, egy szem\u00e9ly megs\u00e9r\u00fclt. Az anyagi k\u00e1r t\u00f6bb milli\u00f3 forint.<\/p>\n<p>Furcsa baleset t\u00f6rt\u00e9nt nem sokkal tizenegy \u00f3ra el\u0151tt a Sz\u00e9chenyi lak\u00f3telep egyik aut\u00f3szalonja el\u0151tt. Egy tr\u00e9ler az\u00e9rt \u00e1llt meg a szalon el\u0151tt, hogy az oda hozott aut\u00f3kat lerakodhass\u00e1k, \u00e1m miel\u0151tt ehhez nekil\u00e1thattak volna, a sz\u00e1ll\u00edt\u00f3ba rohant egy Suzuki. <\/p>\n<p><\/p>\n<p> Nagy val\u00f3sz\u00edn\u0171s\u00e9ggel nem az \u00fatviszonyoknak megfelel\u0151en v\u00e1lasztott sebess\u00e9get a sof\u0151r. A tr\u00e9lernek nekicsap\u00f3d\u00f3 aut\u00f3 \u00e1tsodr\u00f3dott a bels\u0151 s\u00e1vba, ahol egy arra halad\u00f3 aut\u00f3val is \u00fctk\u00f6z\u00f6tt. A karambol k\u00f6vetkezt\u00e9ben egy embert kellett k\u00f3rh\u00e1zba sz\u00e1ll\u00edtani, az anyagi k\u00e1r t\u00f6bb milli\u00f3 forint. A helysz\u00ednel\u00e9s \u00e9s a m\u0171szaki ment\u00e9s ideje alatt a n\u00e9gy s\u00e1vb\u00f3l h\u00e1rmat lez\u00e1rtak, a torl\u00f3d\u00e1s kora d\u00e9lut\u00e1nra sz\u0171nt meg.    <\/p>\n<p><\/p>\n","protected":false},"excerpt":{"rendered":"<p>Aut\u00f3sz\u00e1ll\u00edt\u00f3 tr\u00e9lernek rohant egy aut\u00f3 d\u00e9lel\u0151tt a Sz\u00e9chenyi lak\u00f3telepen, egy szem\u00e9ly megs\u00e9r\u00fclt. Az anyagi k\u00e1r t\u00f6bb milli\u00f3 forint. Furcsa baleset t\u00f6rt\u00e9nt nem sokkal tizenegy \u00f3ra el\u0151tt a Sz\u00e9chenyi lak\u00f3telep egyik aut\u00f3szalonja el\u0151tt. Egy tr\u00e9ler az\u00e9rt \u00e1llt meg a szalon el\u0151tt, hogy az oda hozott aut\u00f3kat lerakodhass\u00e1k, \u00e1m miel\u0151tt ehhez nekil\u00e1thattak volna, a sz\u00e1ll\u00edt\u00f3ba rohant egy [&hellip;]<\/p>\n","protected":false},"author":2,"featured_media":0,"comment_status":"open","ping_status":"open","sticky":false,"template":"","format":"standard","meta":[],"categories":[24],"tags":[],"_links":{"self":[{"href":"http:\/\/archiv.szolnoktv.hu\/index.php?rest_route=\/wp\/v2\/posts\/30012"}],"collection":[{"href":"http:\/\/archiv.szolnoktv.hu\/index.php?rest_route=\/wp\/v2\/posts"}],"about":[{"href":"http:\/\/archiv.szolnoktv.hu\/index.php?rest_route=\/wp\/v2\/types\/post"}],"author":[{"embeddable":true,"href":"http:\/\/archiv.szolnoktv.hu\/index.php?rest_route=\/wp\/v2\/users\/2"}],"replies":[{"embeddable":true,"href":"http:\/\/archiv.szolnoktv.hu\/index.php?rest_route=%2Fwp%2Fv2%2Fcomments&post=30012"}],"version-history":[{"count":1,"href":"http:\/\/archiv.szolnoktv.hu\/index.php?rest_route=\/wp\/v2\/posts\/30012\/revisions"}],"predecessor-version":[{"id":30354,"href":"http:\/\/archiv.szolnoktv.hu\/index.php?rest_route=\/wp\/v2\/posts\/30012\/revisions\/30354"}],"wp:attachment":[{"href":"http:\/\/archiv.szolnoktv.hu\/index.php?rest_route=%2Fwp%2Fv2%2Fmedia&parent=30012"}],"wp:term":[{"taxonomy":"category","embeddable":true,"href":"http:\/\/archiv.szolnoktv.hu\/index.php?rest_route=%2Fwp%2Fv2%2Fcategories&post=30012"},{"taxonomy":"post_tag","embeddable":true,"href":"http:\/\/archiv.szolnoktv.hu\/index.php?rest_route=%2Fwp%2Fv2%2Ftags&post=30012"}],"curies":[{"name":"wp","href":"https:\/\/api.w.org\/{rel}","templated":true}]}}