{"id":30011,"date":"2008-01-02T18:41:08","date_gmt":"2008-01-02T18:41:08","guid":{"rendered":"http:\/\/archiv.szolnoktv.hu\/?p=30011"},"modified":"2021-11-17T11:06:12","modified_gmt":"2021-11-17T11:06:12","slug":"draga-ujev","status":"publish","type":"post","link":"http:\/\/archiv.szolnoktv.hu\/?p=30011","title":{"rendered":"Dr\u00e1ga \u00faj\u00e9v"},"content":{"rendered":"<div class='booster-block booster-read-block'><\/div><p>Ha \u00e9vkezd\u00e9s, akkor \u00e1remel\u00e9s. Tegnapt\u00f3l szinte minden t\u00f6bbe ker\u00fcl, mint tegnapel\u0151tt. Jobb\u00e1ra az &#8220;A&#8221; bet\u0171vel kezd\u0151d\u0151 term\u00e9kek \u00e9s szolg\u00e1ltat\u00e1sok dr\u00e1gultak. A villany, a g\u00e1z, a buszjegy, az \u00e9lelmiszer&#8230;<br \/>\nA lakoss\u00e1gi \u00e1ram \u00e1ra t\u00edz sz\u00e1zal\u00e9kkal emelkedett, a k\u00f6zint\u00e9zm\u00e9nyek \u00f6t\u00f6d\u00e9vel, a v\u00e1llalkoz\u00e1sok majd harmad\u00e1val k\u00e9nytelenek t\u00f6bbet fizetni az elektromos energi\u00e1\u00e9rt. \u00d6t sz\u00e1zal\u00e9kkal ker\u00fcl t\u00f6bbe a g\u00e1z: els\u0151sorban a vil\u00e1gpiaci \u00e1rak, m\u00e1sr\u00e9szt az Oroszorsz\u00e1gb\u00f3l \u00e9rkez\u0151 sz\u00e1ll\u00edtm\u00e1nyok dr\u00e1gul\u00e1sa miatt. T\u00f6bbet kell majd fizetni az \u00e9lelmiszerek\u00e9rt is, \u00e1m hogy mikort\u00f3l, arr\u00f3l elt\u00e9r\u0151en v\u00e9lekednek a keresked\u0151k \u00e9s a k\u00f6zgazd\u00e1szok is. V\u00e1rhat\u00f3an t\u00edz sz\u00e1zal\u00e9kkal lesznek dr\u00e1g\u00e1bbak az \u00e9lelmiszerek. A postai szolg\u00e1ltat\u00e1sok d\u00edja is emelkedett, a szabv\u00e1nylev\u00e9l 62 helyett 70 forintba ker\u00fcl.  Nem sz\u00e1m\u00edtanak dr\u00e1gul\u00e1sra viszont a ruh\u00e1zati term\u00e9kek piac\u00e1n, mint ahogy a M\u00c1V \u00e9s a Vol\u00e1nok helyk\u00f6zi tarif\u00e1i sem emelkednek. Dr\u00e1gul viszont a helyi k\u00f6zleked\u00e9s. A J\u00e1szkun Vol\u00e1n szolnoki j\u00e1ratain 180 forintba ker\u00fcl egy menetjegy, el\u0151v\u00e9telben 140- be. Az \u00f6sszvonalas havi b\u00e9rlet 4015, a nyugd\u00edjas- tanuil\u00f3 b\u00e9rlet 1315 forintba ker\u00fcl. Az infl\u00e1ci\u00f3t n\u00e9mik\u00e9pp meghalad\u00f3 m\u00e9rt\u00e9kben dr\u00e1gulnak a parkol\u00f3b\u00e9rletek, 8 sz\u00e1zal\u00e9kkal. 6, 4 sz\u00e1zal\u00e9kkal ker\u00fcl t\u00f6bbe a k\u00e9m\u00e9nysepr\u00e9s, ugyanennyivel emelkedik a piaci helyp\u00e9nz. Enn\u00e9l nagyobb ar\u00e1nyban dr\u00e1gul a v\u00edz- \u00e9s csatornad\u00edj. De t\u00f6bbet kell fizetni a melegv\u00edz\u00e9rt \u00e9s a t\u00e1vh\u0151\u00e9rt is. N\u0151nek viszont a munk\u00e1ltat\u00f3 \u00e1ltal adhat\u00f3 ad\u00f3mentes juttat\u00e1sok, \u00e9s tegnapt\u00f3l \u00f6t sz\u00e1zal\u00e9kkal emelkedtek a nyugd\u00edjak. N\u00e9gy \u00e9s f\u00e9l sz\u00e1zal\u00e9kkal, azaz havi 5- 600 forinttal emelkedik a csal\u00e1di p\u00f3tl\u00e9k m\u00e9rt\u00e9ke, de n\u00e9mik\u00e9pp t\u00f6bb jut g\u00e1z\u00e1rt\u00e1mogat\u00e1sra is.<\/p>\n","protected":false},"excerpt":{"rendered":"<p>Ha \u00e9vkezd\u00e9s, akkor \u00e1remel\u00e9s. Tegnapt\u00f3l szinte minden t\u00f6bbe ker\u00fcl, mint tegnapel\u0151tt. Jobb\u00e1ra az &#8220;A&#8221; bet\u0171vel kezd\u0151d\u0151 term\u00e9kek \u00e9s szolg\u00e1ltat\u00e1sok dr\u00e1gultak. A villany, a g\u00e1z, a buszjegy, az \u00e9lelmiszer&#8230; A lakoss\u00e1gi \u00e1ram \u00e1ra t\u00edz sz\u00e1zal\u00e9kkal emelkedett, a k\u00f6zint\u00e9zm\u00e9nyek \u00f6t\u00f6d\u00e9vel, a v\u00e1llalkoz\u00e1sok majd harmad\u00e1val k\u00e9nytelenek t\u00f6bbet fizetni az elektromos energi\u00e1\u00e9rt. \u00d6t sz\u00e1zal\u00e9kkal ker\u00fcl t\u00f6bbe a g\u00e1z: els\u0151sorban [&hellip;]<\/p>\n","protected":false},"author":2,"featured_media":0,"comment_status":"open","ping_status":"open","sticky":false,"template":"","format":"standard","meta":[],"categories":[24],"tags":[],"_links":{"self":[{"href":"http:\/\/archiv.szolnoktv.hu\/index.php?rest_route=\/wp\/v2\/posts\/30011"}],"collection":[{"href":"http:\/\/archiv.szolnoktv.hu\/index.php?rest_route=\/wp\/v2\/posts"}],"about":[{"href":"http:\/\/archiv.szolnoktv.hu\/index.php?rest_route=\/wp\/v2\/types\/post"}],"author":[{"embeddable":true,"href":"http:\/\/archiv.szolnoktv.hu\/index.php?rest_route=\/wp\/v2\/users\/2"}],"replies":[{"embeddable":true,"href":"http:\/\/archiv.szolnoktv.hu\/index.php?rest_route=%2Fwp%2Fv2%2Fcomments&post=30011"}],"version-history":[{"count":1,"href":"http:\/\/archiv.szolnoktv.hu\/index.php?rest_route=\/wp\/v2\/posts\/30011\/revisions"}],"predecessor-version":[{"id":30355,"href":"http:\/\/archiv.szolnoktv.hu\/index.php?rest_route=\/wp\/v2\/posts\/30011\/revisions\/30355"}],"wp:attachment":[{"href":"http:\/\/archiv.szolnoktv.hu\/index.php?rest_route=%2Fwp%2Fv2%2Fmedia&parent=30011"}],"wp:term":[{"taxonomy":"category","embeddable":true,"href":"http:\/\/archiv.szolnoktv.hu\/index.php?rest_route=%2Fwp%2Fv2%2Fcategories&post=30011"},{"taxonomy":"post_tag","embeddable":true,"href":"http:\/\/archiv.szolnoktv.hu\/index.php?rest_route=%2Fwp%2Fv2%2Ftags&post=30011"}],"curies":[{"name":"wp","href":"https:\/\/api.w.org\/{rel}","templated":true}]}}