{"id":30010,"date":"2008-01-02T18:28:27","date_gmt":"2008-01-02T18:28:27","guid":{"rendered":"http:\/\/archiv.szolnoktv.hu\/?p=30010"},"modified":"2021-11-17T11:06:12","modified_gmt":"2021-11-17T11:06:12","slug":"rakoczifalvi-az-ev-elso-ujszulottje","status":"publish","type":"post","link":"http:\/\/archiv.szolnoktv.hu\/?p=30010","title":{"rendered":"R\u00e1k\u00f3czifalvi az \u00e9v els\u0151 \u00fajsz\u00fcl\u00f6ttje"},"content":{"rendered":"<div class='booster-block booster-read-block'><\/div><p>Kisfi\u00fa lett a megye els\u0151 \u00fajsz\u00fcl\u00f6ttje. A r\u00e1k\u00f3czi\u00fajfalui Ord\u00f3di Szabolcs janu\u00e1r 1-\u00e9n h\u00e9t \u00f3ra \u00f6tven perckor j\u00f6tt a vil\u00e1gra. A csal\u00e1d m\u00e1sodik fi\u00fagyermeke \u00f6tvenhat centim\u00e9terrel \u00e9s h\u00e1rom kil\u00f3 h\u00fasz dek\u00e1val sz\u00fcletett. P\u00e1r \u00f3r\u00e1val k\u00e9s\u0151bb, d\u00e9li tizenkett\u0151kor j\u00f6tt vil\u00e1gra az els\u0151 szolnoki kisbaba: Esztergomi \u00c1lmos Zsigmond.<br \/>\nM\u00e1sf\u00e9l h\u00e9ttel kor\u00e1bban a v\u00e1rtn\u00e1l, janu\u00e1r elsej\u00e9n, p\u00e1r perccel reggel nyolc \u00f3ra el\u0151tt megsz\u00fcletett az \u00faj\u00e9v els\u0151 bab\u00e1ja megy\u00e9nkben. Szabolcs \u00e9s \u00e9desanyja is j\u00f3l vannak, p\u00e9nteken m\u00e1r haza is mehetnek. A r\u00e1k\u00f3czi\u00fajfalui cs\u00f6pps\u00e9get \u00e9s \u00e9desanyj\u00e1t nemcsak apuk\u00e1ja, hanem 16 \u00e9ves b\u00e1tyja is nagyon v\u00e1rja.  Az elm\u00falt k\u00e9t nap alatt hat kisbaba sz\u00fcletett a Het\u00e9nyi G\u00e9za K\u00f3rh\u00e1zban. Az \u00faj\u00e9v els\u0151 bab\u00e1ja, Emma Budapesten sz\u00fcletett, pontosan egy perccel \u00e9jf\u00e9l ut\u00e1n.  <\/p>\n","protected":false},"excerpt":{"rendered":"<p>Kisfi\u00fa lett a megye els\u0151 \u00fajsz\u00fcl\u00f6ttje. A r\u00e1k\u00f3czi\u00fajfalui Ord\u00f3di Szabolcs janu\u00e1r 1-\u00e9n h\u00e9t \u00f3ra \u00f6tven perckor j\u00f6tt a vil\u00e1gra. A csal\u00e1d m\u00e1sodik fi\u00fagyermeke \u00f6tvenhat centim\u00e9terrel \u00e9s h\u00e1rom kil\u00f3 h\u00fasz dek\u00e1val sz\u00fcletett. P\u00e1r \u00f3r\u00e1val k\u00e9s\u0151bb, d\u00e9li tizenkett\u0151kor j\u00f6tt vil\u00e1gra az els\u0151 szolnoki kisbaba: Esztergomi \u00c1lmos Zsigmond. M\u00e1sf\u00e9l h\u00e9ttel kor\u00e1bban a v\u00e1rtn\u00e1l, janu\u00e1r elsej\u00e9n, p\u00e1r perccel reggel [&hellip;]<\/p>\n","protected":false},"author":2,"featured_media":0,"comment_status":"open","ping_status":"open","sticky":false,"template":"","format":"standard","meta":[],"categories":[24],"tags":[],"_links":{"self":[{"href":"http:\/\/archiv.szolnoktv.hu\/index.php?rest_route=\/wp\/v2\/posts\/30010"}],"collection":[{"href":"http:\/\/archiv.szolnoktv.hu\/index.php?rest_route=\/wp\/v2\/posts"}],"about":[{"href":"http:\/\/archiv.szolnoktv.hu\/index.php?rest_route=\/wp\/v2\/types\/post"}],"author":[{"embeddable":true,"href":"http:\/\/archiv.szolnoktv.hu\/index.php?rest_route=\/wp\/v2\/users\/2"}],"replies":[{"embeddable":true,"href":"http:\/\/archiv.szolnoktv.hu\/index.php?rest_route=%2Fwp%2Fv2%2Fcomments&post=30010"}],"version-history":[{"count":1,"href":"http:\/\/archiv.szolnoktv.hu\/index.php?rest_route=\/wp\/v2\/posts\/30010\/revisions"}],"predecessor-version":[{"id":30356,"href":"http:\/\/archiv.szolnoktv.hu\/index.php?rest_route=\/wp\/v2\/posts\/30010\/revisions\/30356"}],"wp:attachment":[{"href":"http:\/\/archiv.szolnoktv.hu\/index.php?rest_route=%2Fwp%2Fv2%2Fmedia&parent=30010"}],"wp:term":[{"taxonomy":"category","embeddable":true,"href":"http:\/\/archiv.szolnoktv.hu\/index.php?rest_route=%2Fwp%2Fv2%2Fcategories&post=30010"},{"taxonomy":"post_tag","embeddable":true,"href":"http:\/\/archiv.szolnoktv.hu\/index.php?rest_route=%2Fwp%2Fv2%2Ftags&post=30010"}],"curies":[{"name":"wp","href":"https:\/\/api.w.org\/{rel}","templated":true}]}}