{"id":27881,"date":"2009-04-01T19:33:39","date_gmt":"2009-04-01T19:33:39","guid":{"rendered":"http:\/\/archiv.szolnoktv.hu\/?p=27881"},"modified":"2021-11-11T20:03:05","modified_gmt":"2021-11-11T20:03:05","slug":"5-eves-az-aranyosz-otthon","status":"publish","type":"post","link":"http:\/\/archiv.szolnoktv.hu\/?p=27881","title":{"rendered":"5 \u00e9ves az Arany\u0151sz Otthon"},"content":{"rendered":"<div class='booster-block booster-read-block'><\/div><p>\u00d6t\u00f6dik sz\u00fclet\u00e9snapj\u00e1t \u00fcnnepelte ma a r\u00e1k\u00f3czifalvi arany\u0151sz bentlak\u00e1sos otthon. A szolnoki Kist\u00e1rs\u00e9g T\u00f6bbc\u00e9l\u00fa T\u00e1rsul\u00e1sa \u00e1ltal m\u0171k\u00f6dtetett int\u00e9zm\u00e9ny az orsz\u00e1g minden ter\u00fclet\u00e9r\u0151l fogad sz\u00e9pkor\u00faakat, napi 24 \u00f3r\u00e1s ell\u00e1t\u00e1sra. Az alap \u00e9s emelt szint\u0171 ell\u00e1t\u00e1sban, 1-2 \u00e1gyas szob\u00e1kban, 24 \u00f3r\u00e1s fel\u00fcgyeletet, ment\u00e1lhigi\u00e9n\u00e9s gondoz\u00e1st, foglalkoztat\u00e1st biztos\u00edtanak. A bentlak\u00f3k 7 men\u0171 k\u00f6z\u00fcl v\u00e1laszthatnak.<\/p>\n","protected":false},"excerpt":{"rendered":"<p>\u00d6t\u00f6dik sz\u00fclet\u00e9snapj\u00e1t \u00fcnnepelte ma a r\u00e1k\u00f3czifalvi arany\u0151sz bentlak\u00e1sos otthon. A szolnoki Kist\u00e1rs\u00e9g T\u00f6bbc\u00e9l\u00fa T\u00e1rsul\u00e1sa \u00e1ltal m\u0171k\u00f6dtetett int\u00e9zm\u00e9ny az orsz\u00e1g minden ter\u00fclet\u00e9r\u0151l fogad sz\u00e9pkor\u00faakat, napi 24 \u00f3r\u00e1s ell\u00e1t\u00e1sra. Az alap \u00e9s emelt szint\u0171 ell\u00e1t\u00e1sban, 1-2 \u00e1gyas szob\u00e1kban, 24 \u00f3r\u00e1s fel\u00fcgyeletet, ment\u00e1lhigi\u00e9n\u00e9s gondoz\u00e1st, foglalkoztat\u00e1st biztos\u00edtanak. A bentlak\u00f3k 7 men\u0171 k\u00f6z\u00fcl v\u00e1laszthatnak.<\/p>\n","protected":false},"author":2,"featured_media":0,"comment_status":"open","ping_status":"open","sticky":false,"template":"","format":"standard","meta":[],"categories":[22],"tags":[],"_links":{"self":[{"href":"http:\/\/archiv.szolnoktv.hu\/index.php?rest_route=\/wp\/v2\/posts\/27881"}],"collection":[{"href":"http:\/\/archiv.szolnoktv.hu\/index.php?rest_route=\/wp\/v2\/posts"}],"about":[{"href":"http:\/\/archiv.szolnoktv.hu\/index.php?rest_route=\/wp\/v2\/types\/post"}],"author":[{"embeddable":true,"href":"http:\/\/archiv.szolnoktv.hu\/index.php?rest_route=\/wp\/v2\/users\/2"}],"replies":[{"embeddable":true,"href":"http:\/\/archiv.szolnoktv.hu\/index.php?rest_route=%2Fwp%2Fv2%2Fcomments&post=27881"}],"version-history":[{"count":1,"href":"http:\/\/archiv.szolnoktv.hu\/index.php?rest_route=\/wp\/v2\/posts\/27881\/revisions"}],"predecessor-version":[{"id":28054,"href":"http:\/\/archiv.szolnoktv.hu\/index.php?rest_route=\/wp\/v2\/posts\/27881\/revisions\/28054"}],"wp:attachment":[{"href":"http:\/\/archiv.szolnoktv.hu\/index.php?rest_route=%2Fwp%2Fv2%2Fmedia&parent=27881"}],"wp:term":[{"taxonomy":"category","embeddable":true,"href":"http:\/\/archiv.szolnoktv.hu\/index.php?rest_route=%2Fwp%2Fv2%2Fcategories&post=27881"},{"taxonomy":"post_tag","embeddable":true,"href":"http:\/\/archiv.szolnoktv.hu\/index.php?rest_route=%2Fwp%2Fv2%2Ftags&post=27881"}],"curies":[{"name":"wp","href":"https:\/\/api.w.org\/{rel}","templated":true}]}}