{"id":27744,"date":"2009-03-31T19:52:58","date_gmt":"2009-03-31T19:52:58","guid":{"rendered":"http:\/\/archiv.szolnoktv.hu\/?p=27744"},"modified":"2021-11-11T19:35:54","modified_gmt":"2021-11-11T19:35:54","slug":"szovetseg-abc-felujitas","status":"publish","type":"post","link":"http:\/\/archiv.szolnoktv.hu\/?p=27744","title":{"rendered":"Sz\u00f6vets\u00e9g ABC fel\u00faj\u00edt\u00e1s"},"content":{"rendered":"<div class='booster-block booster-read-block'><\/div><p>Majd k\u00e9t \u00e9ve z\u00e1rt be a Sz\u00f6vets\u00e9g ABC. Az\u00f3ta sok lehet\u0151s\u00e9g felmer\u00fclt az egykori bolt tov\u00e1bbi haszn\u00e1lat\u00e1val kapcsolatban, \u00e1m d\u00f6nt\u00e9s nem sz\u00fcletett. Most viszont megindultak a fel\u00faj\u00edt\u00e1si munk\u00e1latok, \u00e1m azt, hogy mik\u00e9nt \u00edr\u00f3dik tov\u00e1bb az \u00e1r\u00fah\u00e1z t\u00f6rt\u00e9nelme m\u00e9g nem tudni.<br \/>\nSz\u00e1zh\u00e1rom hete,  2007. \u00e1prilis 7-\u00e9n nyitott ki utolj\u00e1ra a Sz\u00f6vets\u00e9g ABC. Akkor a COOP \u00e1ltal \u00fczemeltetett \u00e1ruh\u00e1z b\u00e9rleti szerz\u0151d\u00e9se lej\u00e1rt, a tulajdonossal nem siker\u00fclt egyeszs\u00e9gre jutni a hosszabb\u00edt\u00e1sr\u00f3l. Az\u00f3ta az \u00e9p\u00fclet \u00fcresen \u00e1ll, a lakosok pedig hi\u00e1nyolj\u00e1k az \u00e9vek alatt megszokott\u00e1 v\u00e1lt k\u00f6z\u00e9rtet. A napokban viszont munk\u00e1sok vett\u00e9k birtokba az \u00e9p\u00fcletet. A belsej\u00e9t m\u00e1r ki\u00fcr\u00edtett\u00e9k, k\u00fclsej\u00e9t is kezdik csinos\u00edtani. A k\u00f6rny\u00e9kbeliek pedig bizakodnak, hogy visszakapj\u00e1k egykori boltjukat. A Sportp\u00e1lya Ingatlankezel\u0151 Kft \u00fcgyvezet\u0151 igazgat\u00f3ja T\u00f3th Csaba elmondta, egy-k\u00e9t h\u00f3napon bel\u00fcl lehull a lepel \u00e9s kider\u00fcl, mi lesz a kor\u00e1bbi Sz\u00f6vets\u00e9g ABC-b\u0151l.<\/p>\n","protected":false},"excerpt":{"rendered":"<p>Majd k\u00e9t \u00e9ve z\u00e1rt be a Sz\u00f6vets\u00e9g ABC. Az\u00f3ta sok lehet\u0151s\u00e9g felmer\u00fclt az egykori bolt tov\u00e1bbi haszn\u00e1lat\u00e1val kapcsolatban, \u00e1m d\u00f6nt\u00e9s nem sz\u00fcletett. Most viszont megindultak a fel\u00faj\u00edt\u00e1si munk\u00e1latok, \u00e1m azt, hogy mik\u00e9nt \u00edr\u00f3dik tov\u00e1bb az \u00e1r\u00fah\u00e1z t\u00f6rt\u00e9nelme m\u00e9g nem tudni. Sz\u00e1zh\u00e1rom hete, 2007. \u00e1prilis 7-\u00e9n nyitott ki utolj\u00e1ra a Sz\u00f6vets\u00e9g ABC. Akkor a COOP \u00e1ltal [&hellip;]<\/p>\n","protected":false},"author":2,"featured_media":0,"comment_status":"open","ping_status":"open","sticky":false,"template":"","format":"standard","meta":[],"categories":[22],"tags":[],"_links":{"self":[{"href":"http:\/\/archiv.szolnoktv.hu\/index.php?rest_route=\/wp\/v2\/posts\/27744"}],"collection":[{"href":"http:\/\/archiv.szolnoktv.hu\/index.php?rest_route=\/wp\/v2\/posts"}],"about":[{"href":"http:\/\/archiv.szolnoktv.hu\/index.php?rest_route=\/wp\/v2\/types\/post"}],"author":[{"embeddable":true,"href":"http:\/\/archiv.szolnoktv.hu\/index.php?rest_route=\/wp\/v2\/users\/2"}],"replies":[{"embeddable":true,"href":"http:\/\/archiv.szolnoktv.hu\/index.php?rest_route=%2Fwp%2Fv2%2Fcomments&post=27744"}],"version-history":[{"count":1,"href":"http:\/\/archiv.szolnoktv.hu\/index.php?rest_route=\/wp\/v2\/posts\/27744\/revisions"}],"predecessor-version":[{"id":27771,"href":"http:\/\/archiv.szolnoktv.hu\/index.php?rest_route=\/wp\/v2\/posts\/27744\/revisions\/27771"}],"wp:attachment":[{"href":"http:\/\/archiv.szolnoktv.hu\/index.php?rest_route=%2Fwp%2Fv2%2Fmedia&parent=27744"}],"wp:term":[{"taxonomy":"category","embeddable":true,"href":"http:\/\/archiv.szolnoktv.hu\/index.php?rest_route=%2Fwp%2Fv2%2Fcategories&post=27744"},{"taxonomy":"post_tag","embeddable":true,"href":"http:\/\/archiv.szolnoktv.hu\/index.php?rest_route=%2Fwp%2Fv2%2Ftags&post=27744"}],"curies":[{"name":"wp","href":"https:\/\/api.w.org\/{rel}","templated":true}]}}