{"id":27743,"date":"2009-03-31T19:52:06","date_gmt":"2009-03-31T19:52:06","guid":{"rendered":"http:\/\/archiv.szolnoktv.hu\/?p=27743"},"modified":"2021-11-11T19:35:54","modified_gmt":"2021-11-11T19:35:54","slug":"szigligeti-utca-felujitas","status":"publish","type":"post","link":"http:\/\/archiv.szolnoktv.hu\/?p=27743","title":{"rendered":"Szigligeti utca fel\u00faj\u00edt\u00e1s"},"content":{"rendered":"<div class='booster-block booster-read-block'><\/div><p>K\u00f6vez\u00e9s helyett bont\u00e1s. Ezzel tal\u00e1lkozhatnak n\u00e9h\u00e1ny napja a Szigligeti utca lak\u00f3i. B\u00e1r a j\u00e1rd\u00e1t az egyik oldalon m\u00e1r lebetonozt\u00e1k, kider\u00fclt, hogy az \u00e1ramell\u00e1t\u00e1ssal gondok vannak.<br \/>\nNem egyszer\u0171 mostan\u00e1ban a Szigligeti utc\u00e1n gyalogosan kereszt\u00fclhaladni. Egy \u00e1rok h\u00faz\u00f3dik ugyanis a poros, f\u00f6ldes j\u00e1rda  sz\u00e9l\u00e9n. A legt\u00f6bben ez\u00e9rt ink\u00e1bb az aut\u00f3kat, mintsem a g\u00f6dr\u00f6ket, munk\u00e1sokat vagy g\u00e9peket ker\u00fclgetik. A nemr\u00e9g leburkolt j\u00e1rd\u00e1t az \u00e1ramszolg\u00e1ltat\u00f3 k\u00e1belek miatt kellett \u00fajra meg bontani. Szab\u00f3 Istv\u00e1n alpolg\u00e1rmester elmondta: a szeptemberi bej\u00e1r\u00e1s alkalm\u00e1val valamennyi k\u00f6zm\u0171 \u00fczemeltet\u0151vel az egyeztet\u00e9s megt\u00f6rt\u00e9nt, akkor az Eon m\u00e9r\u00e9sei azt mutatt\u00e1k, hogy rendben vannak a k\u00e1belek \u00e9s b\u00edrj\u00e1k a k\u00f6zvil\u00e1g\u00edt\u00e1s bet\u00e1pl\u00e1l\u00e1s\u00e1t. Id\u0151k\u00f6zben kider\u00fclt, hogy a t\u00e9l nem tett nekik j\u00f3t, \u00e9s be kell avatkozni. A f\u00f6ldk\u00e1belek cser\u00e9je egy h\u00e9ten bel\u00fcl befejez\u0151dik, azut\u00e1n elkezdik \u00fajraburkolni \u00e9s lek\u00f6vezni a j\u00e1rd\u00e1t. Ha minden j\u00f3l megy egy h\u00f3nap cs\u00fasz\u00e1ssal, \u00e1prilis v\u00e9g\u00e9re befejez\u0151dnek a munk\u00e1latok.<\/p>\n","protected":false},"excerpt":{"rendered":"<p>K\u00f6vez\u00e9s helyett bont\u00e1s. Ezzel tal\u00e1lkozhatnak n\u00e9h\u00e1ny napja a Szigligeti utca lak\u00f3i. B\u00e1r a j\u00e1rd\u00e1t az egyik oldalon m\u00e1r lebetonozt\u00e1k, kider\u00fclt, hogy az \u00e1ramell\u00e1t\u00e1ssal gondok vannak. Nem egyszer\u0171 mostan\u00e1ban a Szigligeti utc\u00e1n gyalogosan kereszt\u00fclhaladni. Egy \u00e1rok h\u00faz\u00f3dik ugyanis a poros, f\u00f6ldes j\u00e1rda sz\u00e9l\u00e9n. A legt\u00f6bben ez\u00e9rt ink\u00e1bb az aut\u00f3kat, mintsem a g\u00f6dr\u00f6ket, munk\u00e1sokat vagy g\u00e9peket ker\u00fclgetik. [&hellip;]<\/p>\n","protected":false},"author":2,"featured_media":0,"comment_status":"open","ping_status":"open","sticky":false,"template":"","format":"standard","meta":[],"categories":[22],"tags":[],"_links":{"self":[{"href":"http:\/\/archiv.szolnoktv.hu\/index.php?rest_route=\/wp\/v2\/posts\/27743"}],"collection":[{"href":"http:\/\/archiv.szolnoktv.hu\/index.php?rest_route=\/wp\/v2\/posts"}],"about":[{"href":"http:\/\/archiv.szolnoktv.hu\/index.php?rest_route=\/wp\/v2\/types\/post"}],"author":[{"embeddable":true,"href":"http:\/\/archiv.szolnoktv.hu\/index.php?rest_route=\/wp\/v2\/users\/2"}],"replies":[{"embeddable":true,"href":"http:\/\/archiv.szolnoktv.hu\/index.php?rest_route=%2Fwp%2Fv2%2Fcomments&post=27743"}],"version-history":[{"count":1,"href":"http:\/\/archiv.szolnoktv.hu\/index.php?rest_route=\/wp\/v2\/posts\/27743\/revisions"}],"predecessor-version":[{"id":27772,"href":"http:\/\/archiv.szolnoktv.hu\/index.php?rest_route=\/wp\/v2\/posts\/27743\/revisions\/27772"}],"wp:attachment":[{"href":"http:\/\/archiv.szolnoktv.hu\/index.php?rest_route=%2Fwp%2Fv2%2Fmedia&parent=27743"}],"wp:term":[{"taxonomy":"category","embeddable":true,"href":"http:\/\/archiv.szolnoktv.hu\/index.php?rest_route=%2Fwp%2Fv2%2Fcategories&post=27743"},{"taxonomy":"post_tag","embeddable":true,"href":"http:\/\/archiv.szolnoktv.hu\/index.php?rest_route=%2Fwp%2Fv2%2Ftags&post=27743"}],"curies":[{"name":"wp","href":"https:\/\/api.w.org\/{rel}","templated":true}]}}