{"id":27742,"date":"2009-03-31T19:51:19","date_gmt":"2009-03-31T19:51:19","guid":{"rendered":"http:\/\/archiv.szolnoktv.hu\/?p=27742"},"modified":"2021-11-11T19:35:54","modified_gmt":"2021-11-11T19:35:54","slug":"meder-uti-szemet","status":"publish","type":"post","link":"http:\/\/archiv.szolnoktv.hu\/?p=27742","title":{"rendered":"Meder \u00fati szem\u00e9t"},"content":{"rendered":"<div class='booster-block booster-read-block'><\/div><p>Nem b\u00e1ntja a szem\u00e9t a szem\u00e9t? A Meder \u00faton tavaly \u0151sszel befejez\u0151d\u00f6tt egy t\u00e1rsash\u00e1z \u00e9p\u00edt\u00e9se. A t\u00f6rmel\u00e9ket \u00e9s egy\u00e9b szemetet azonban a kivitelez\u0151 c\u00e9g nem sz\u00e1ll\u00edttatta el. A sz\u00e9l pedig m\u00e1r h\u00f3napok \u00f3ta folyamatosan \u00e1tf\u00fajja azokat a szomsz\u00e9dos j\u00e1tsz\u00f3t\u00e9rre. A c\u00e9g halogat, a lak\u00f3k h\u00e1borognak.<br \/>\nSiralmas l\u00e1tv\u00e1ny t\u00e1rul a Meder utca 20-28. sz\u00e1m alatt lak\u00f3k szeme el\u00e9 h\u00f3napok \u00f3ta, ha kin\u00e9znek az ablakon. Szem\u00e9thalmok mindenfel\u00e9, n\u00e9h\u00e1ny k\u00f6teg \u00e9ppen a j\u00e1tsz\u00f3t\u00e9r ker\u00edt\u00e9s\u00e9n\u00e9l. Ha a sz\u00e9l felt\u00e1mad, a hullad\u00e9kokat nem \u00e1ll\u00edtja meg m\u00e9g a ker\u00edt\u00e9s sem. A t\u00e1rsash\u00e1z m\u00e1r \u0151sszel elk\u00e9sz\u00fclt, a szem\u00e9t viszont maradt. A gyermekeiket a szomsz\u00e9dos j\u00e1tsz\u00f3t\u00e9rre hord\u00f3 anyuk\u00e1kat is felh\u00e1bor\u00edtja a kivitelez\u0151k nemt\u00f6r\u0151d\u00f6ms\u00e9ge. A lak\u00f3k t\u00f6bbsz\u00f6r megkerest\u00e9k a c\u00e9get, hogy sz\u00e1ll\u00edttassa el a szemetet, \u00e1m k\u00e9r\u00e9s\u00fckre eddig nem reag\u00e1ltak. A kft. vezet\u0151je elfoglalts\u00e1g\u00e1ra hivatkozva nem \u00e1llt kamer\u00e1nk el\u00e9. Telefonon annyit k\u00f6z\u00f6lt, hogy az \u00e9p\u00edtkez\u00e9st \u0151sszel a hideg miatt hagyt\u00e1k f\u00e9lbe, tavasszal m\u00e9g folytatj\u00e1k a munk\u00e1latokat, \u00e9s amikor teljesen elk\u00e9sz\u00fcl a h\u00e1z, elsz\u00e1ll\u00edtj\u00e1k az \u00f6sszes szemetet &#8211; a tervek szerint egy h\u00f3nap m\u00falva.<\/p>\n","protected":false},"excerpt":{"rendered":"<p>Nem b\u00e1ntja a szem\u00e9t a szem\u00e9t? A Meder \u00faton tavaly \u0151sszel befejez\u0151d\u00f6tt egy t\u00e1rsash\u00e1z \u00e9p\u00edt\u00e9se. A t\u00f6rmel\u00e9ket \u00e9s egy\u00e9b szemetet azonban a kivitelez\u0151 c\u00e9g nem sz\u00e1ll\u00edttatta el. A sz\u00e9l pedig m\u00e1r h\u00f3napok \u00f3ta folyamatosan \u00e1tf\u00fajja azokat a szomsz\u00e9dos j\u00e1tsz\u00f3t\u00e9rre. A c\u00e9g halogat, a lak\u00f3k h\u00e1borognak. Siralmas l\u00e1tv\u00e1ny t\u00e1rul a Meder utca 20-28. sz\u00e1m alatt lak\u00f3k [&hellip;]<\/p>\n","protected":false},"author":2,"featured_media":0,"comment_status":"open","ping_status":"open","sticky":false,"template":"","format":"standard","meta":[],"categories":[22],"tags":[],"_links":{"self":[{"href":"http:\/\/archiv.szolnoktv.hu\/index.php?rest_route=\/wp\/v2\/posts\/27742"}],"collection":[{"href":"http:\/\/archiv.szolnoktv.hu\/index.php?rest_route=\/wp\/v2\/posts"}],"about":[{"href":"http:\/\/archiv.szolnoktv.hu\/index.php?rest_route=\/wp\/v2\/types\/post"}],"author":[{"embeddable":true,"href":"http:\/\/archiv.szolnoktv.hu\/index.php?rest_route=\/wp\/v2\/users\/2"}],"replies":[{"embeddable":true,"href":"http:\/\/archiv.szolnoktv.hu\/index.php?rest_route=%2Fwp%2Fv2%2Fcomments&post=27742"}],"version-history":[{"count":1,"href":"http:\/\/archiv.szolnoktv.hu\/index.php?rest_route=\/wp\/v2\/posts\/27742\/revisions"}],"predecessor-version":[{"id":27773,"href":"http:\/\/archiv.szolnoktv.hu\/index.php?rest_route=\/wp\/v2\/posts\/27742\/revisions\/27773"}],"wp:attachment":[{"href":"http:\/\/archiv.szolnoktv.hu\/index.php?rest_route=%2Fwp%2Fv2%2Fmedia&parent=27742"}],"wp:term":[{"taxonomy":"category","embeddable":true,"href":"http:\/\/archiv.szolnoktv.hu\/index.php?rest_route=%2Fwp%2Fv2%2Fcategories&post=27742"},{"taxonomy":"post_tag","embeddable":true,"href":"http:\/\/archiv.szolnoktv.hu\/index.php?rest_route=%2Fwp%2Fv2%2Ftags&post=27742"}],"curies":[{"name":"wp","href":"https:\/\/api.w.org\/{rel}","templated":true}]}}