{"id":27741,"date":"2009-03-31T19:49:59","date_gmt":"2009-03-31T19:49:59","guid":{"rendered":"http:\/\/archiv.szolnoktv.hu\/?p=27741"},"modified":"2021-11-11T19:35:54","modified_gmt":"2021-11-11T19:35:54","slug":"foiskolai-felvetelik-2","status":"publish","type":"post","link":"http:\/\/archiv.szolnoktv.hu\/?p=27741","title":{"rendered":"F\u0151iskolai felv\u00e9telik"},"content":{"rendered":"<div class='booster-block booster-read-block'><\/div><p>A 2006- os tan\u00e9vben 132 ezer \u00e9retts\u00e9gizett jelentkezett egyetemre- f\u0151iskol\u00e1ra. A Szolnoki F\u0151iskola majd \u00f6tezer rem\u00e9nybeli hallgat\u00f3t vonzott h\u00e1rom \u00e9vvel ezel\u0151tt. Egy \u00e9v m\u00falva j\u00f3val kevesebb jelentkez\u00e9si lap \u00e9rkezett az Orsz\u00e1gos Fels\u0151oktat\u00e1si K\u00f6zpontba- nagy val\u00f3sz\u00edn\u0171s\u00e9ggel a bevezetett tand\u00edj miatt. 2008- ban tov\u00e1bb cs\u00f6kkent a jelentkez\u0151k sz\u00e1ma, orsz\u00e1gosan alig \u00e9rte el a sz\u00e1zezret, Szolnokon pedig a n\u00e9gyezret. A tavaly m\u00e1jusi \u00fcgyd\u00f6nt\u0151 n\u00e9pszavaz\u00e1s eredm\u00e9nyek\u00e9ppen az orsz\u00e1ggy\u0171l\u00e9s visszavonta a t\u00f6bbi k\u00f6z\u00f6tt a fels\u0151oktat\u00e1si tand\u00edjr\u00f3l sz\u00f3l\u00f3 t\u00f6rv\u00e9nyt is. Az id\u00e9n beadott jelentkez\u00e9si lapok sz\u00e1m\u00e1ban ez m\u00e1r l\u00e1tszik is. Az Oktat\u00e1si Miniszt\u00e9rium h\u00e9tf\u0151n teszi k\u00f6zz\u00e9 az idei adatokat, \u00e1m annyi m\u00e1r tudhat\u00f3, hogy jelent\u0151sen t\u00f6bben pr\u00f3b\u00e1lnak bejutni egyetemre- f\u0151iskol\u00e1ra, mint tavaly. A Szolnoki F\u0151iskola Tanulm\u00e1nyi Hivatala is csak \u00e1prilis hatodik\u00e1n tud pontos adatokkal szolg\u00e1lni a jelentkez\u0151k sz\u00e1m\u00e1r\u00f3l.<\/p>\n","protected":false},"excerpt":{"rendered":"<p>A 2006- os tan\u00e9vben 132 ezer \u00e9retts\u00e9gizett jelentkezett egyetemre- f\u0151iskol\u00e1ra. A Szolnoki F\u0151iskola majd \u00f6tezer rem\u00e9nybeli hallgat\u00f3t vonzott h\u00e1rom \u00e9vvel ezel\u0151tt. Egy \u00e9v m\u00falva j\u00f3val kevesebb jelentkez\u00e9si lap \u00e9rkezett az Orsz\u00e1gos Fels\u0151oktat\u00e1si K\u00f6zpontba- nagy val\u00f3sz\u00edn\u0171s\u00e9ggel a bevezetett tand\u00edj miatt. 2008- ban tov\u00e1bb cs\u00f6kkent a jelentkez\u0151k sz\u00e1ma, orsz\u00e1gosan alig \u00e9rte el a sz\u00e1zezret, Szolnokon pedig a [&hellip;]<\/p>\n","protected":false},"author":2,"featured_media":0,"comment_status":"open","ping_status":"open","sticky":false,"template":"","format":"standard","meta":[],"categories":[22],"tags":[],"_links":{"self":[{"href":"http:\/\/archiv.szolnoktv.hu\/index.php?rest_route=\/wp\/v2\/posts\/27741"}],"collection":[{"href":"http:\/\/archiv.szolnoktv.hu\/index.php?rest_route=\/wp\/v2\/posts"}],"about":[{"href":"http:\/\/archiv.szolnoktv.hu\/index.php?rest_route=\/wp\/v2\/types\/post"}],"author":[{"embeddable":true,"href":"http:\/\/archiv.szolnoktv.hu\/index.php?rest_route=\/wp\/v2\/users\/2"}],"replies":[{"embeddable":true,"href":"http:\/\/archiv.szolnoktv.hu\/index.php?rest_route=%2Fwp%2Fv2%2Fcomments&post=27741"}],"version-history":[{"count":1,"href":"http:\/\/archiv.szolnoktv.hu\/index.php?rest_route=\/wp\/v2\/posts\/27741\/revisions"}],"predecessor-version":[{"id":27774,"href":"http:\/\/archiv.szolnoktv.hu\/index.php?rest_route=\/wp\/v2\/posts\/27741\/revisions\/27774"}],"wp:attachment":[{"href":"http:\/\/archiv.szolnoktv.hu\/index.php?rest_route=%2Fwp%2Fv2%2Fmedia&parent=27741"}],"wp:term":[{"taxonomy":"category","embeddable":true,"href":"http:\/\/archiv.szolnoktv.hu\/index.php?rest_route=%2Fwp%2Fv2%2Fcategories&post=27741"},{"taxonomy":"post_tag","embeddable":true,"href":"http:\/\/archiv.szolnoktv.hu\/index.php?rest_route=%2Fwp%2Fv2%2Ftags&post=27741"}],"curies":[{"name":"wp","href":"https:\/\/api.w.org\/{rel}","templated":true}]}}