{"id":27740,"date":"2009-03-31T08:21:10","date_gmt":"2009-03-31T08:21:10","guid":{"rendered":"http:\/\/archiv.szolnoktv.hu\/?p=27740"},"modified":"2021-11-11T19:35:54","modified_gmt":"2021-11-11T19:35:54","slug":"lazmero","status":"publish","type":"post","link":"http:\/\/archiv.szolnoktv.hu\/?p=27740","title":{"rendered":"L\u00e1zm\u00e9r\u0151"},"content":{"rendered":"<div class='booster-block booster-read-block'><\/div><p>J\u00f6v\u0151h\u00e9ten kivonj\u00e1k a forgalomb\u00f3l a higanyos l\u00e1z- \u00e9s v\u00e9rnyom\u00e1sm\u00e9r\u0151ket. A patik\u00e1kban p\u00e9ntekt\u0151l m\u00e1r csak a digit\u00e1lis v\u00e1ltozatokat lehet megv\u00e1s\u00e1rolni. A higanyos amalg\u00e1m t\u00f6m\u00e9st \u00e9s a hagyom\u00e1nyos, higanyt tartalmaz\u00f3 izz\u00f3kat tov\u00e1bbra is lehet haszn\u00e1lni.<br \/>\nMa m\u00e9g kaphat\u00f3, j\u00f6v\u0151h\u00e9tt\u0151l azonban m\u00e1r nem ker\u00fclhet a patik\u00e1k polcaira. Az UNIO szab\u00e1lyoz\u00e1sa miatt \u00e1prilis 3-t\u00f3l tilos a higanyos orvosi eszk\u00f6z\u00f6k gy\u00e1rt\u00e1sa \u00e9s forgalmaz\u00e1sa, haszn\u00e1lni azonban tov\u00e1bbra is lehet, hiszen a cser\u00e9t nem k\u00f6tik hat\u00e1rid\u0151h\u00f6z. 2012-ig minden uni\u00f3s tag\u00e1llamban \u00e1t kell t\u00e9rni a hagyom\u00e1nyos izz\u00f3kr\u00f3l az energiatakar\u00e9kosra is, hiszen ezek is tartalmaznak higanyt. A szakemberek szerint id\u0151vel az amalg\u00e1m t\u00f6m\u00e9s is megsz\u0171nik majd, \u00e1m ennek haszn\u00e1lata jelenleg m\u00e9g enged\u00e9lyezett. A higanyos korl\u00e1toz\u00e1s els\u0151dleges oka, hogy az elt\u00f6rt l\u00e1zm\u00e9r\u0151k nem a vesz\u00e9lyes hullad\u00e9kokhoz, hanem a kuk\u00e1ba ker\u00fcltek. Speci\u00e1lis gy\u0171jt\u0151ed\u00e9ny azonban a gy\u00f3gyszert\u00e1rak legt\u00f6bbj\u00e9ben sincs. Mindemellett a higanyg\u0151z 80 sz\u00e1zal\u00e9ka felsz\u00edv\u00f3dik, \u00e9s a v\u00e9r\u00e1ramon kereszt\u00fcl f\u0151k\u00e9nt az agyban rak\u00f3dik le. Higanyos l\u00e1zm\u00e9r\u0151 teh\u00e1t nem lesz, digit\u00e1lis-, vagy homlokra ragaszthat\u00f3 v\u00e1ltozatb\u00f3l, esetleg f\u00fclh\u0151m\u00e9r\u0151b\u0151l azonban van j\u00f3 n\u00e9h\u00e1ny, melyek tov\u00e1bbra is mutatj\u00e1k: mennyire szalad fel az ember l\u00e1za.<\/p>\n","protected":false},"excerpt":{"rendered":"<p>J\u00f6v\u0151h\u00e9ten kivonj\u00e1k a forgalomb\u00f3l a higanyos l\u00e1z- \u00e9s v\u00e9rnyom\u00e1sm\u00e9r\u0151ket. A patik\u00e1kban p\u00e9ntekt\u0151l m\u00e1r csak a digit\u00e1lis v\u00e1ltozatokat lehet megv\u00e1s\u00e1rolni. A higanyos amalg\u00e1m t\u00f6m\u00e9st \u00e9s a hagyom\u00e1nyos, higanyt tartalmaz\u00f3 izz\u00f3kat tov\u00e1bbra is lehet haszn\u00e1lni. Ma m\u00e9g kaphat\u00f3, j\u00f6v\u0151h\u00e9tt\u0151l azonban m\u00e1r nem ker\u00fclhet a patik\u00e1k polcaira. Az UNIO szab\u00e1lyoz\u00e1sa miatt \u00e1prilis 3-t\u00f3l tilos a higanyos orvosi eszk\u00f6z\u00f6k [&hellip;]<\/p>\n","protected":false},"author":2,"featured_media":0,"comment_status":"open","ping_status":"open","sticky":false,"template":"","format":"standard","meta":[],"categories":[22],"tags":[],"_links":{"self":[{"href":"http:\/\/archiv.szolnoktv.hu\/index.php?rest_route=\/wp\/v2\/posts\/27740"}],"collection":[{"href":"http:\/\/archiv.szolnoktv.hu\/index.php?rest_route=\/wp\/v2\/posts"}],"about":[{"href":"http:\/\/archiv.szolnoktv.hu\/index.php?rest_route=\/wp\/v2\/types\/post"}],"author":[{"embeddable":true,"href":"http:\/\/archiv.szolnoktv.hu\/index.php?rest_route=\/wp\/v2\/users\/2"}],"replies":[{"embeddable":true,"href":"http:\/\/archiv.szolnoktv.hu\/index.php?rest_route=%2Fwp%2Fv2%2Fcomments&post=27740"}],"version-history":[{"count":1,"href":"http:\/\/archiv.szolnoktv.hu\/index.php?rest_route=\/wp\/v2\/posts\/27740\/revisions"}],"predecessor-version":[{"id":27775,"href":"http:\/\/archiv.szolnoktv.hu\/index.php?rest_route=\/wp\/v2\/posts\/27740\/revisions\/27775"}],"wp:attachment":[{"href":"http:\/\/archiv.szolnoktv.hu\/index.php?rest_route=%2Fwp%2Fv2%2Fmedia&parent=27740"}],"wp:term":[{"taxonomy":"category","embeddable":true,"href":"http:\/\/archiv.szolnoktv.hu\/index.php?rest_route=%2Fwp%2Fv2%2Fcategories&post=27740"},{"taxonomy":"post_tag","embeddable":true,"href":"http:\/\/archiv.szolnoktv.hu\/index.php?rest_route=%2Fwp%2Fv2%2Ftags&post=27740"}],"curies":[{"name":"wp","href":"https:\/\/api.w.org\/{rel}","templated":true}]}}