{"id":27738,"date":"2009-03-26T21:15:36","date_gmt":"2009-03-26T21:15:36","guid":{"rendered":"http:\/\/archiv.szolnoktv.hu\/?p=27738"},"modified":"2021-11-11T19:35:55","modified_gmt":"2021-11-11T19:35:55","slug":"jaszkun-kapitanyok","status":"publish","type":"post","link":"http:\/\/archiv.szolnoktv.hu\/?p=27738","title":{"rendered":"J\u00e1szkun kapit\u00e1nyok"},"content":{"rendered":"<div class='booster-block booster-read-block'><\/div><p>Megyei \u00f6sszefog\u00e1s a turizmus\u00e9rt. 13 telep\u00fcl\u00e9sen \u00f6sszesen 600 milli\u00f3 forintos fejleszt\u00e9st v\u00e9geznek. M\u00fazeumokat, t\u00e1jh\u00e1zakat \u00faj\u00edtanak fel \u00e9s modern, egyedi ki\u00e1ll\u00edt\u00e1sokat szerveznek.<br \/>\n\u201eJ\u00e1szkun kapit\u00e1nyok nyom\u00e1ban.\u201e Ezt a nevet viseli az a megyei program, melynek c\u00e9lja, hogy a t\u00e9rs\u00e9g hagyom\u00e1nyait feleleven\u00edtse. Az \u00c9szak-alf\u00f6ldi Operat\u00edv Program p\u00e1ly\u00e1zati felh\u00edv\u00e1sa a r\u00e9gi\u00f3 turizmus\u00e1t k\u00edv\u00e1nja fellend\u00edteni. A megye 13 telep\u00fcl\u00e9s\u00e9n \u00f6sszesen 16 m\u00fazeumot, t\u00e1jh\u00e1zat \u00faj\u00edtanak fel, k\u00f6zt\u00fck a Damjanich J\u00e1nos M\u00fazeumot is. Modern, egyedi ki\u00e1ll\u00edt\u00e1sokat szerveznek digit\u00e1lis t\u00e1rlatvezet\u00e9ssel, valamint bevezetik a m\u00e1gnesk\u00e1rty\u00e1s bel\u00e9ptet\u0151 rendszert is. Ha a l\u00e1togat\u00f3k ezt haszn\u00e1lj\u00e1k, kedvezm\u00e9nyes \u00e1ron v\u00e1s\u00e1rolhatj\u00e1k meg a jegyeket. A csaknem 600 milli\u00f3s beruh\u00e1z\u00e1shoz, a felt\u00e9teles t\u00e1mogat\u00f3 d\u00f6nt\u00e9s alapj\u00e1n 538 milli\u00f3 forintot nyerhetnek. A p\u00e1ly\u00e1zatot m\u00e9g m\u00e1rciusban beadj\u00e1k. Ha a v\u00e9gs\u0151 elb\u00edr\u00e1sl\u00e1son is sikeresen szerepelnek, a fejleszt\u00e9seket m\u00e1r szeptemberben elkezdhetik.<\/p>\n","protected":false},"excerpt":{"rendered":"<p>Megyei \u00f6sszefog\u00e1s a turizmus\u00e9rt. 13 telep\u00fcl\u00e9sen \u00f6sszesen 600 milli\u00f3 forintos fejleszt\u00e9st v\u00e9geznek. M\u00fazeumokat, t\u00e1jh\u00e1zakat \u00faj\u00edtanak fel \u00e9s modern, egyedi ki\u00e1ll\u00edt\u00e1sokat szerveznek. \u201eJ\u00e1szkun kapit\u00e1nyok nyom\u00e1ban.\u201e Ezt a nevet viseli az a megyei program, melynek c\u00e9lja, hogy a t\u00e9rs\u00e9g hagyom\u00e1nyait feleleven\u00edtse. Az \u00c9szak-alf\u00f6ldi Operat\u00edv Program p\u00e1ly\u00e1zati felh\u00edv\u00e1sa a r\u00e9gi\u00f3 turizmus\u00e1t k\u00edv\u00e1nja fellend\u00edteni. A megye 13 telep\u00fcl\u00e9s\u00e9n \u00f6sszesen [&hellip;]<\/p>\n","protected":false},"author":2,"featured_media":0,"comment_status":"open","ping_status":"open","sticky":false,"template":"","format":"standard","meta":[],"categories":[22],"tags":[],"_links":{"self":[{"href":"http:\/\/archiv.szolnoktv.hu\/index.php?rest_route=\/wp\/v2\/posts\/27738"}],"collection":[{"href":"http:\/\/archiv.szolnoktv.hu\/index.php?rest_route=\/wp\/v2\/posts"}],"about":[{"href":"http:\/\/archiv.szolnoktv.hu\/index.php?rest_route=\/wp\/v2\/types\/post"}],"author":[{"embeddable":true,"href":"http:\/\/archiv.szolnoktv.hu\/index.php?rest_route=\/wp\/v2\/users\/2"}],"replies":[{"embeddable":true,"href":"http:\/\/archiv.szolnoktv.hu\/index.php?rest_route=%2Fwp%2Fv2%2Fcomments&post=27738"}],"version-history":[{"count":1,"href":"http:\/\/archiv.szolnoktv.hu\/index.php?rest_route=\/wp\/v2\/posts\/27738\/revisions"}],"predecessor-version":[{"id":27780,"href":"http:\/\/archiv.szolnoktv.hu\/index.php?rest_route=\/wp\/v2\/posts\/27738\/revisions\/27780"}],"wp:attachment":[{"href":"http:\/\/archiv.szolnoktv.hu\/index.php?rest_route=%2Fwp%2Fv2%2Fmedia&parent=27738"}],"wp:term":[{"taxonomy":"category","embeddable":true,"href":"http:\/\/archiv.szolnoktv.hu\/index.php?rest_route=%2Fwp%2Fv2%2Fcategories&post=27738"},{"taxonomy":"post_tag","embeddable":true,"href":"http:\/\/archiv.szolnoktv.hu\/index.php?rest_route=%2Fwp%2Fv2%2Ftags&post=27738"}],"curies":[{"name":"wp","href":"https:\/\/api.w.org\/{rel}","templated":true}]}}