{"id":27737,"date":"2009-03-26T21:14:19","date_gmt":"2009-03-26T21:14:19","guid":{"rendered":"http:\/\/archiv.szolnoktv.hu\/?p=27737"},"modified":"2021-11-11T19:35:55","modified_gmt":"2021-11-11T19:35:55","slug":"a-varoshazarol-jelentjuk-19","status":"publish","type":"post","link":"http:\/\/archiv.szolnoktv.hu\/?p=27737","title":{"rendered":"A v\u00e1rosh\u00e1z\u00e1r\u00f3l jelentj\u00fck"},"content":{"rendered":"<div class='booster-block booster-read-block'><\/div><p>\u00c1talakul a szoci\u00e1lis ell\u00e1t\u00e1s rendszere. Az \u201e\u00dat a munk\u00e1hoz\u201e program az eddigi rendszeres szoci\u00e1lis seg\u00e9lyen l\u00e9v\u0151k k\u00f6zc\u00e9l\u00fa foglalkoztat\u00e1s\u00e1t helyezi k\u00f6z\u00e9ppontba. Ennek megfelel\u0151en a szolnoki k\u00f6zgy\u0171l\u00e9s janu\u00e1ri \u00fcl\u00e9s\u00e9n m\u00f3dos\u00edtotta helyi rendelet\u00e9t, a k\u00f6zfoglalkoztatat\u00e1si tervet viszont ma fogadta el.<br \/>\nJelenleg a megyesz\u00e9khelyen mintegy ezren r\u00e9szes\u00fclnek rendszeres szoci\u00e1lis seg\u00e9lyben. Ezt a t\u00e1mogat\u00e1st a j\u00f6v\u0151ben m\u00e1r csak 102-en kaphatj\u00e1k, mert 55 \u00e9v felettiek vagy eg\u00e9szs\u00e9gk\u00e1rosodottak. K\u00f6zc\u00e9l\u00fa munkav\u00e9gz\u00e9sre \u00edgy v\u00e1rhat\u00f3an 900-an alkalmasak, az \u00f6nkorm\u00e1nyzat viszont id\u00e9n 350-360 embernek tudnak ilyen munk\u00e1t biztos\u00edtani, sz\u00e1mukra a munkak\u00f6rh\u00f6z k\u00f6t\u0151d\u0151 minim\u00e1lb\u00e9rt utalj\u00e1k. A t\u00f6bbiek rendelkez\u00e9sre \u00e1ll\u00e1si t\u00e1mogat\u00e1st kapnak, ennek \u00f6sszege 28 ezer 500 forint. Ha azonban a decemberi seg\u00e9ly \u00f6sszege enn\u00e9l t\u00f6bb volt, akkor r\u00e9sz\u00e9r\u00fckre tov\u00e1bbra is ezt a p\u00e9nzt foly\u00f3s\u00edtj\u00e1k. A ma elfogadott k\u00f6zfoglalkoztat\u00e1si terv r\u00e9szletesen tartalmazza a jogosultak k\u00e9pzetts\u00e9g szerinti \u00f6sszet\u00e9tel\u00e9t, illetve a k\u00f6zfeladatok megjel\u00f6l\u00e9s\u00e9t \u00e9s \u00fctemez\u00e9s\u00e9t, a sz\u00fcks\u00e9ges l\u00e9tsz\u00e1mot \u00e9s a rendelekez\u00e9sre \u00e1ll\u00f3 anyagi forr\u00e1sokat. A programban 50 int\u00e9zm\u00e9ny \u00e9s szervezet vesz r\u00e9szt, a megk\u00f6t\u00f6tt munkaszerz\u0151d\u00e9s legal\u00e1bb 90 munkanapra sz\u00f3l. Ami befoly\u00e1solhatja a sikert, hogy csak az idei k\u00f6lts\u00e9gvet\u00e9s ismert, a j\u00f6v\u0151beni finansz\u00edroz\u00e1s ma m\u00e9g k\u00e9rd\u00e9ses, az \u00e1llamt\u00f3l a k\u00f6zc\u00e9l\u00fa foglalkoztat\u00e1sra kifizetett \u00f6sszeg 95 sz\u00e1zal\u00e9ka ugyanis visszaig\u00e9nyelhet\u0151. A test\u00fclet elfogadta a munkan\u00e9lk\u00fclis\u00e9g helyzet\u00e9r\u0151l k\u00e9sz\u00fclt besz\u00e1mol\u00f3t is. Tavaly kis m\u00e9rt\u00e9kben n\u0151tt a munkan\u00e9lk\u00fcliek sz\u00e1ma, \u00e1tlagosan 2200 \u00e1ll\u00e1skeres\u0151t tartottak nyilv\u00e1n, a p\u00e1lyakezd\u0151k k\u00f6z\u00fcl viszont egyre t\u00f6bben tal\u00e1lnak azonnal munk\u00e1t \u00e9s emelkedett a bejelentett \u00e1ll\u00e1saj\u00e1nlatok sz\u00e1ma is. A v\u00e1ls\u00e1g azonban m\u00e1r \u00e9rezteti hat\u00e1s\u00e1t, id\u00e9n febru\u00e1rban m\u00e1r csaknem 500-zal t\u00f6bb volt a regisztr\u00e1lt \u00e1ll\u00e1skeres\u0151k sz\u00e1ma. A v\u00e1ls\u00e1g kihat az \u00f6nkorm\u00e1nyzati tulajdon\u00fa gazdas\u00e1gi t\u00e1rsas\u00e1gok m\u0171k\u00f6d\u00e9s\u00e9re is, a ma j\u00f3v\u00e1hagyott \u00fczleti tervek mindegyike komoly kock\u00e1zati t\u00e9nyez\u0151kkel sz\u00e1mol \u00e9s a c\u00e9gvezet\u0151ket \u00f3vatos tervez\u00e9sre sarkallta.<\/p>\n","protected":false},"excerpt":{"rendered":"<p>\u00c1talakul a szoci\u00e1lis ell\u00e1t\u00e1s rendszere. Az \u201e\u00dat a munk\u00e1hoz\u201e program az eddigi rendszeres szoci\u00e1lis seg\u00e9lyen l\u00e9v\u0151k k\u00f6zc\u00e9l\u00fa foglalkoztat\u00e1s\u00e1t helyezi k\u00f6z\u00e9ppontba. Ennek megfelel\u0151en a szolnoki k\u00f6zgy\u0171l\u00e9s janu\u00e1ri \u00fcl\u00e9s\u00e9n m\u00f3dos\u00edtotta helyi rendelet\u00e9t, a k\u00f6zfoglalkoztatat\u00e1si tervet viszont ma fogadta el. Jelenleg a megyesz\u00e9khelyen mintegy ezren r\u00e9szes\u00fclnek rendszeres szoci\u00e1lis seg\u00e9lyben. Ezt a t\u00e1mogat\u00e1st a j\u00f6v\u0151ben m\u00e1r csak 102-en kaphatj\u00e1k, [&hellip;]<\/p>\n","protected":false},"author":2,"featured_media":0,"comment_status":"open","ping_status":"open","sticky":false,"template":"","format":"standard","meta":[],"categories":[22],"tags":[],"_links":{"self":[{"href":"http:\/\/archiv.szolnoktv.hu\/index.php?rest_route=\/wp\/v2\/posts\/27737"}],"collection":[{"href":"http:\/\/archiv.szolnoktv.hu\/index.php?rest_route=\/wp\/v2\/posts"}],"about":[{"href":"http:\/\/archiv.szolnoktv.hu\/index.php?rest_route=\/wp\/v2\/types\/post"}],"author":[{"embeddable":true,"href":"http:\/\/archiv.szolnoktv.hu\/index.php?rest_route=\/wp\/v2\/users\/2"}],"replies":[{"embeddable":true,"href":"http:\/\/archiv.szolnoktv.hu\/index.php?rest_route=%2Fwp%2Fv2%2Fcomments&post=27737"}],"version-history":[{"count":1,"href":"http:\/\/archiv.szolnoktv.hu\/index.php?rest_route=\/wp\/v2\/posts\/27737\/revisions"}],"predecessor-version":[{"id":27781,"href":"http:\/\/archiv.szolnoktv.hu\/index.php?rest_route=\/wp\/v2\/posts\/27737\/revisions\/27781"}],"wp:attachment":[{"href":"http:\/\/archiv.szolnoktv.hu\/index.php?rest_route=%2Fwp%2Fv2%2Fmedia&parent=27737"}],"wp:term":[{"taxonomy":"category","embeddable":true,"href":"http:\/\/archiv.szolnoktv.hu\/index.php?rest_route=%2Fwp%2Fv2%2Fcategories&post=27737"},{"taxonomy":"post_tag","embeddable":true,"href":"http:\/\/archiv.szolnoktv.hu\/index.php?rest_route=%2Fwp%2Fv2%2Ftags&post=27737"}],"curies":[{"name":"wp","href":"https:\/\/api.w.org\/{rel}","templated":true}]}}