{"id":27735,"date":"2009-03-26T21:11:27","date_gmt":"2009-03-26T21:11:27","guid":{"rendered":"http:\/\/archiv.szolnoktv.hu\/?p=27735"},"modified":"2021-11-11T19:35:55","modified_gmt":"2021-11-11T19:35:55","slug":"megavers","status":"publish","type":"post","link":"http:\/\/archiv.szolnoktv.hu\/?p=27735","title":{"rendered":"Megavers"},"content":{"rendered":"<div class='booster-block booster-read-block'><\/div><p>Megaversel\u0151k. \u00datnak indult a Szolnok Telev\u00edzi\u00f3 \u00e9s az Aba Nov\u00e1k Kultur\u00e1lis K\u00f6zpont k\u00f6z\u00f6s produkci\u00f3ja ma az els\u0151 el\u0151d\u00f6nt\u0151vel. 10 versenyz\u0151 \u00e1llt sz\u00ednpadra melyek k\u00f6z\u00fcl h\u00e1rom bejut majd a d\u00f6nt\u0151be.<br \/>\nFesz\u00fclt, v\u00e1rakoz\u00e1ssal teli pillanat a versenyz\u0151k \u00e1ltal csak &#8220;d\u00fch\u00f6ng\u0151nek&#8221;&#8221; h\u00edvott helyis\u00e9gben. K\u00e9sz\u00fcl\u0151dnek a versel\u0151k ugyanis nemsok\u00e1ra sz\u00ednpadra l\u00e9p az els\u0151 indul\u00f3. &#8220;&#8221;Elemeztek a zs\u0171ri tagok<br \/>\nmagkapod a vir\u00e1got \u00e9s m\u00e1ris j\u00f6hetzs ki ide!&#8221;&#8221;Persze ez az\u00e9rt nem ilyen egyszer\u0171. El\u0151bb el\u0151 kell adni azt a bizonyos verset a sz\u00ednpadon. Az ismer\u0151s\u00f6k<\/p>\n","protected":false},"excerpt":{"rendered":"<p>Megaversel\u0151k. \u00datnak indult a Szolnok Telev\u00edzi\u00f3 \u00e9s az Aba Nov\u00e1k Kultur\u00e1lis K\u00f6zpont k\u00f6z\u00f6s produkci\u00f3ja ma az els\u0151 el\u0151d\u00f6nt\u0151vel. 10 versenyz\u0151 \u00e1llt sz\u00ednpadra melyek k\u00f6z\u00fcl h\u00e1rom bejut majd a d\u00f6nt\u0151be. Fesz\u00fclt, v\u00e1rakoz\u00e1ssal teli pillanat a versenyz\u0151k \u00e1ltal csak &#8220;d\u00fch\u00f6ng\u0151nek&#8221;&#8221; h\u00edvott helyis\u00e9gben. K\u00e9sz\u00fcl\u0151dnek a versel\u0151k ugyanis nemsok\u00e1ra sz\u00ednpadra l\u00e9p az els\u0151 indul\u00f3. &#8220;&#8221;Elemeztek a zs\u0171ri tagok magkapod [&hellip;]<\/p>\n","protected":false},"author":2,"featured_media":0,"comment_status":"open","ping_status":"open","sticky":false,"template":"","format":"standard","meta":[],"categories":[22],"tags":[],"_links":{"self":[{"href":"http:\/\/archiv.szolnoktv.hu\/index.php?rest_route=\/wp\/v2\/posts\/27735"}],"collection":[{"href":"http:\/\/archiv.szolnoktv.hu\/index.php?rest_route=\/wp\/v2\/posts"}],"about":[{"href":"http:\/\/archiv.szolnoktv.hu\/index.php?rest_route=\/wp\/v2\/types\/post"}],"author":[{"embeddable":true,"href":"http:\/\/archiv.szolnoktv.hu\/index.php?rest_route=\/wp\/v2\/users\/2"}],"replies":[{"embeddable":true,"href":"http:\/\/archiv.szolnoktv.hu\/index.php?rest_route=%2Fwp%2Fv2%2Fcomments&post=27735"}],"version-history":[{"count":1,"href":"http:\/\/archiv.szolnoktv.hu\/index.php?rest_route=\/wp\/v2\/posts\/27735\/revisions"}],"predecessor-version":[{"id":27783,"href":"http:\/\/archiv.szolnoktv.hu\/index.php?rest_route=\/wp\/v2\/posts\/27735\/revisions\/27783"}],"wp:attachment":[{"href":"http:\/\/archiv.szolnoktv.hu\/index.php?rest_route=%2Fwp%2Fv2%2Fmedia&parent=27735"}],"wp:term":[{"taxonomy":"category","embeddable":true,"href":"http:\/\/archiv.szolnoktv.hu\/index.php?rest_route=%2Fwp%2Fv2%2Fcategories&post=27735"},{"taxonomy":"post_tag","embeddable":true,"href":"http:\/\/archiv.szolnoktv.hu\/index.php?rest_route=%2Fwp%2Fv2%2Ftags&post=27735"}],"curies":[{"name":"wp","href":"https:\/\/api.w.org\/{rel}","templated":true}]}}