{"id":27734,"date":"2009-03-26T21:09:52","date_gmt":"2009-03-26T21:09:52","guid":{"rendered":"http:\/\/archiv.szolnoktv.hu\/?p=27734"},"modified":"2021-11-11T19:35:55","modified_gmt":"2021-11-11T19:35:55","slug":"kozel-600-millio-a-hetenyinek","status":"publish","type":"post","link":"http:\/\/archiv.szolnoktv.hu\/?p=27734","title":{"rendered":"K\u00f6zel 600 milli\u00f3 a Het\u00e9nyinek"},"content":{"rendered":"<div class='booster-block booster-read-block'><\/div><p>Csaknem 600 milli\u00f3s uni\u00f3s t\u00e1mogat\u00e1st \u00edt\u00e9ltek meg a Het\u00e9nyinek. Az \u00daj Magyarorsz\u00e1g Fejleszt\u00e9si Terv t\u00e1mogat\u00e1s\u00e1val 26 magyarorsz\u00e1gi k\u00f3rh\u00e1z s\u00fcrg\u0151ss\u00e9gi oszt\u00e1lya \u00fajulhat meg. Az egyik a szolnoki Het\u00e9nyi G\u00e9za K\u00f3rh\u00e1z, ahol a p\u00e9nzb\u0151l egykapust rendszert szeretn\u00e9nek kialak\u00edtani.<br \/>\nA Nemzeti Fejleszt\u00e9si \u00dcgyn\u00f6ks\u00e9g tavaly hirdetett p\u00e1ly\u00e1zatot s\u00fcrg\u0151ss\u00e9gi ell\u00e1t\u00f3rendszer fejleszt\u00e9s\u00e9re. A k\u00e9tfordul\u00f3s p\u00e1ly\u00e1zatban \u00f6sszesen 12 milli\u00e1rd forintnyi uni\u00f3s t\u00e1mogat\u00e1st osztanak sz\u00e9t. Az els\u0151 fordul\u00f3 ut\u00e1n a Het\u00e9nyi G\u00e9za K\u00f3rh\u00e1znak 590 milli\u00f3 653 ezer forintot \u00edt\u00e9ltek meg. A sz\u00fcks\u00e9ges 10 sz\u00e1zal\u00e9kos \u00f6nr\u00e9szt a megyei \u00f6nkorm\u00e1nyzat biztos\u00edtja. Az elnyert \u00f6sszegb\u0151l az egykapus s\u00fcrg\u0151ss\u00e9gi rendszert fogj\u00e1k kialak\u00edtani. Ennek keret\u00e9ben a jelenleg sz\u00e9ttagolt s\u00fcrg\u0151ss\u00e9gi ell\u00e1t\u00e1s egy helyen, szakmailag egys\u00e9ges rendszerben m\u0171k\u00f6dik majd. A p\u00e1ly\u00e1zat keret\u00e9ben jelent\u0151s infrastruk\u00fara-fejleszt\u00e9sekre \u00e9s eszk\u00f6zbeszerz\u00e9sekre ker\u00fcl sor, valamint b\u0151v\u00fcl a m\u0171szerpark is. A beruh\u00e1z\u00e1s a tervek szerint k\u00e9t \u00e9v alatt val\u00f3sul meg.<\/p>\n","protected":false},"excerpt":{"rendered":"<p>Csaknem 600 milli\u00f3s uni\u00f3s t\u00e1mogat\u00e1st \u00edt\u00e9ltek meg a Het\u00e9nyinek. Az \u00daj Magyarorsz\u00e1g Fejleszt\u00e9si Terv t\u00e1mogat\u00e1s\u00e1val 26 magyarorsz\u00e1gi k\u00f3rh\u00e1z s\u00fcrg\u0151ss\u00e9gi oszt\u00e1lya \u00fajulhat meg. Az egyik a szolnoki Het\u00e9nyi G\u00e9za K\u00f3rh\u00e1z, ahol a p\u00e9nzb\u0151l egykapust rendszert szeretn\u00e9nek kialak\u00edtani. A Nemzeti Fejleszt\u00e9si \u00dcgyn\u00f6ks\u00e9g tavaly hirdetett p\u00e1ly\u00e1zatot s\u00fcrg\u0151ss\u00e9gi ell\u00e1t\u00f3rendszer fejleszt\u00e9s\u00e9re. A k\u00e9tfordul\u00f3s p\u00e1ly\u00e1zatban \u00f6sszesen 12 milli\u00e1rd forintnyi uni\u00f3s t\u00e1mogat\u00e1st [&hellip;]<\/p>\n","protected":false},"author":2,"featured_media":0,"comment_status":"open","ping_status":"open","sticky":false,"template":"","format":"standard","meta":[],"categories":[22],"tags":[],"_links":{"self":[{"href":"http:\/\/archiv.szolnoktv.hu\/index.php?rest_route=\/wp\/v2\/posts\/27734"}],"collection":[{"href":"http:\/\/archiv.szolnoktv.hu\/index.php?rest_route=\/wp\/v2\/posts"}],"about":[{"href":"http:\/\/archiv.szolnoktv.hu\/index.php?rest_route=\/wp\/v2\/types\/post"}],"author":[{"embeddable":true,"href":"http:\/\/archiv.szolnoktv.hu\/index.php?rest_route=\/wp\/v2\/users\/2"}],"replies":[{"embeddable":true,"href":"http:\/\/archiv.szolnoktv.hu\/index.php?rest_route=%2Fwp%2Fv2%2Fcomments&post=27734"}],"version-history":[{"count":1,"href":"http:\/\/archiv.szolnoktv.hu\/index.php?rest_route=\/wp\/v2\/posts\/27734\/revisions"}],"predecessor-version":[{"id":27784,"href":"http:\/\/archiv.szolnoktv.hu\/index.php?rest_route=\/wp\/v2\/posts\/27734\/revisions\/27784"}],"wp:attachment":[{"href":"http:\/\/archiv.szolnoktv.hu\/index.php?rest_route=%2Fwp%2Fv2%2Fmedia&parent=27734"}],"wp:term":[{"taxonomy":"category","embeddable":true,"href":"http:\/\/archiv.szolnoktv.hu\/index.php?rest_route=%2Fwp%2Fv2%2Fcategories&post=27734"},{"taxonomy":"post_tag","embeddable":true,"href":"http:\/\/archiv.szolnoktv.hu\/index.php?rest_route=%2Fwp%2Fv2%2Ftags&post=27734"}],"curies":[{"name":"wp","href":"https:\/\/api.w.org\/{rel}","templated":true}]}}