{"id":27733,"date":"2009-03-26T21:08:21","date_gmt":"2009-03-26T21:08:21","guid":{"rendered":"http:\/\/archiv.szolnoktv.hu\/?p=27733"},"modified":"2021-11-11T19:35:55","modified_gmt":"2021-11-11T19:35:55","slug":"uj-gepsor-a-beresnel","status":"publish","type":"post","link":"http:\/\/archiv.szolnoktv.hu\/?p=27733","title":{"rendered":"\u00daj g\u00e9psor a B\u00e9resn\u00e9l"},"content":{"rendered":"<div class='booster-block booster-read-block'><\/div><p>Bliszterez a B\u00e9res gy\u00f3gyszergy\u00e1r. A c\u00e9g ma mutatta be leg\u00fajabb technol\u00f3giai fejleszt\u00e9s\u00e9t: egy adagol\u00f3 \u00e9s csomagol\u00f3 g\u00e9psort.<br \/>\nA fenn\u00e1ll\u00e1s\u00e1nak huszadik \u00e9vfordul\u00f3j\u00e1t \u00fcnnepl\u0151 B\u00e9res Gy\u00f3gyszergy\u00e1r m\u0171k\u00f6d\u00e9si tervei az alap\u00edt\u00e1s \u00f3ta v\u00e1ltozatlanok. sondbite Bischof Ma d\u00e9lel\u0151tt az el\u0151bbi er\u0151s\u00f6d\u00f6tt, nyolcsz\u00e1zezer eur\u00f3nyi befektet\u00e9ssel. Ez az: a bliszterez\u0151. A g\u00e9psor val\u00f3j\u00e1ban k\u00e9t g\u00e9p: az egyik bubor\u00e9kba- azaz bliszterbe z\u00e1rja a tablett\u00e1t, m\u00edg a m\u00e1sik csomagolja a leveleket. R\u00e1ad\u00e1sul t\u00f6bbf\u00e9le term\u00e9k csomagol\u00e1s\u00e1ra is alkalmas. Percenk\u00e9t k\u00e9tsz\u00e1znegyven ilyen levelet k\u00e9pes megt\u00f6lteni \u00e9s becsomagolni a g\u00e9psor. Teszi mindezt n\u00e9gysz\u00e1znyolcvanh\u00e9t milli\u00f3 forint\u00e9rt. A beruh\u00e1z\u00e1s harmad\u00e1ra vissza nem t\u00e9r\u00edtend\u0151 \u00e1llami t\u00e1mogat\u00e1st kapott a c\u00e9g. A ma hivatalosan is \u00e1tadott g\u00e9psorral egy\u00fctt a teljesen magyar tulajdonban l\u00e9v\u0151 v\u00e1llalat \u00e1tl\u00e9pte a k\u00e9tmilli\u00e1rdos hat\u00e1rt. T\u00edz \u00e9v alatt ekkora \u00f6sszeget fektetett szolnoki gy\u00e1r\u00e1ban technol\u00f3gi\u00e1rba \u00e9s ingatlanokba.<\/p>\n","protected":false},"excerpt":{"rendered":"<p>Bliszterez a B\u00e9res gy\u00f3gyszergy\u00e1r. A c\u00e9g ma mutatta be leg\u00fajabb technol\u00f3giai fejleszt\u00e9s\u00e9t: egy adagol\u00f3 \u00e9s csomagol\u00f3 g\u00e9psort. A fenn\u00e1ll\u00e1s\u00e1nak huszadik \u00e9vfordul\u00f3j\u00e1t \u00fcnnepl\u0151 B\u00e9res Gy\u00f3gyszergy\u00e1r m\u0171k\u00f6d\u00e9si tervei az alap\u00edt\u00e1s \u00f3ta v\u00e1ltozatlanok. sondbite Bischof Ma d\u00e9lel\u0151tt az el\u0151bbi er\u0151s\u00f6d\u00f6tt, nyolcsz\u00e1zezer eur\u00f3nyi befektet\u00e9ssel. Ez az: a bliszterez\u0151. A g\u00e9psor val\u00f3j\u00e1ban k\u00e9t g\u00e9p: az egyik bubor\u00e9kba- azaz bliszterbe z\u00e1rja [&hellip;]<\/p>\n","protected":false},"author":2,"featured_media":0,"comment_status":"open","ping_status":"open","sticky":false,"template":"","format":"standard","meta":[],"categories":[22],"tags":[],"_links":{"self":[{"href":"http:\/\/archiv.szolnoktv.hu\/index.php?rest_route=\/wp\/v2\/posts\/27733"}],"collection":[{"href":"http:\/\/archiv.szolnoktv.hu\/index.php?rest_route=\/wp\/v2\/posts"}],"about":[{"href":"http:\/\/archiv.szolnoktv.hu\/index.php?rest_route=\/wp\/v2\/types\/post"}],"author":[{"embeddable":true,"href":"http:\/\/archiv.szolnoktv.hu\/index.php?rest_route=\/wp\/v2\/users\/2"}],"replies":[{"embeddable":true,"href":"http:\/\/archiv.szolnoktv.hu\/index.php?rest_route=%2Fwp%2Fv2%2Fcomments&post=27733"}],"version-history":[{"count":1,"href":"http:\/\/archiv.szolnoktv.hu\/index.php?rest_route=\/wp\/v2\/posts\/27733\/revisions"}],"predecessor-version":[{"id":27785,"href":"http:\/\/archiv.szolnoktv.hu\/index.php?rest_route=\/wp\/v2\/posts\/27733\/revisions\/27785"}],"wp:attachment":[{"href":"http:\/\/archiv.szolnoktv.hu\/index.php?rest_route=%2Fwp%2Fv2%2Fmedia&parent=27733"}],"wp:term":[{"taxonomy":"category","embeddable":true,"href":"http:\/\/archiv.szolnoktv.hu\/index.php?rest_route=%2Fwp%2Fv2%2Fcategories&post=27733"},{"taxonomy":"post_tag","embeddable":true,"href":"http:\/\/archiv.szolnoktv.hu\/index.php?rest_route=%2Fwp%2Fv2%2Ftags&post=27733"}],"curies":[{"name":"wp","href":"https:\/\/api.w.org\/{rel}","templated":true}]}}