{"id":27732,"date":"2009-03-25T21:33:35","date_gmt":"2009-03-25T21:33:35","guid":{"rendered":"http:\/\/archiv.szolnoktv.hu\/?p=27732"},"modified":"2021-11-11T19:35:56","modified_gmt":"2021-11-11T19:35:56","slug":"tit-gyules","status":"publish","type":"post","link":"http:\/\/archiv.szolnoktv.hu\/?p=27732","title":{"rendered":"TIT gy\u0171l\u00e9s"},"content":{"rendered":"<div class='booster-block booster-read-block'><\/div><p>Elektronikus ismeretterjeszt\u00e9s. Efel\u00e9 tesz l\u00e9p\u00e9seket a Tudom\u00e1nyos Ismetetterjeszt\u0151 T\u00e1rsulat. T\u00f6bbek k\u00f6z\u00f6tt err\u0151l esett sz\u00f3 a Szolnok megyei szervezet \u00e9ves besz\u00e1mol\u00f3j\u00e1n.<br \/>\nNincsenek k\u00f6nny\u0171 helyzetben a feln\u0151ttk\u00e9pz\u0151 szervezetek manaps\u00e1g. Az orsz\u00e1gban t\u00f6bbezer m\u0171k\u00f6dik bel\u0151l\u00fck, \u00edgy egyre nehezebb talpon maradniuk. Az egyes int\u00e9zm\u00e9nyekn\u00e9l a jelentkez\u00e9sek sz\u00e1ma cs\u00f6kken, a neh\u00e9z gazdas\u00e1gi helyzetben pedig az embereknek nincs p\u00e9nz\u00fck a k\u00e9pz\u00e9sekre. A Tudom\u00e1nyos Ismeretterjeszt\u0151 T\u00e1rsulatnak ez\u00e9rt a bev\u00e1lt tanfolyamai mellett \u00faj ter\u00fcletek fel\u00e9 kell nyitnia. Els\u0151 l\u00e9p\u00e9sk\u00e9nt a honlapjukat pr\u00f3b\u00e1lj\u00e1k olyan tartalommal felt\u00f6lteni, amely egyre sz\u00e9lesebb k\u00f6r sz\u00e1m\u00e1ra lehet \u00e9rdekes \u00e9s vonz\u00f3. Emellett igyekeznek k\u00e9pz\u00e9si k\u00edn\u00e1latukat a legfrissebb piaci kereslethez igaz\u00edtani.<\/p>\n","protected":false},"excerpt":{"rendered":"<p>Elektronikus ismeretterjeszt\u00e9s. Efel\u00e9 tesz l\u00e9p\u00e9seket a Tudom\u00e1nyos Ismetetterjeszt\u0151 T\u00e1rsulat. T\u00f6bbek k\u00f6z\u00f6tt err\u0151l esett sz\u00f3 a Szolnok megyei szervezet \u00e9ves besz\u00e1mol\u00f3j\u00e1n. Nincsenek k\u00f6nny\u0171 helyzetben a feln\u0151ttk\u00e9pz\u0151 szervezetek manaps\u00e1g. Az orsz\u00e1gban t\u00f6bbezer m\u0171k\u00f6dik bel\u0151l\u00fck, \u00edgy egyre nehezebb talpon maradniuk. Az egyes int\u00e9zm\u00e9nyekn\u00e9l a jelentkez\u00e9sek sz\u00e1ma cs\u00f6kken, a neh\u00e9z gazdas\u00e1gi helyzetben pedig az embereknek nincs p\u00e9nz\u00fck a k\u00e9pz\u00e9sekre. [&hellip;]<\/p>\n","protected":false},"author":2,"featured_media":0,"comment_status":"open","ping_status":"open","sticky":false,"template":"","format":"standard","meta":[],"categories":[22],"tags":[],"_links":{"self":[{"href":"http:\/\/archiv.szolnoktv.hu\/index.php?rest_route=\/wp\/v2\/posts\/27732"}],"collection":[{"href":"http:\/\/archiv.szolnoktv.hu\/index.php?rest_route=\/wp\/v2\/posts"}],"about":[{"href":"http:\/\/archiv.szolnoktv.hu\/index.php?rest_route=\/wp\/v2\/types\/post"}],"author":[{"embeddable":true,"href":"http:\/\/archiv.szolnoktv.hu\/index.php?rest_route=\/wp\/v2\/users\/2"}],"replies":[{"embeddable":true,"href":"http:\/\/archiv.szolnoktv.hu\/index.php?rest_route=%2Fwp%2Fv2%2Fcomments&post=27732"}],"version-history":[{"count":1,"href":"http:\/\/archiv.szolnoktv.hu\/index.php?rest_route=\/wp\/v2\/posts\/27732\/revisions"}],"predecessor-version":[{"id":27787,"href":"http:\/\/archiv.szolnoktv.hu\/index.php?rest_route=\/wp\/v2\/posts\/27732\/revisions\/27787"}],"wp:attachment":[{"href":"http:\/\/archiv.szolnoktv.hu\/index.php?rest_route=%2Fwp%2Fv2%2Fmedia&parent=27732"}],"wp:term":[{"taxonomy":"category","embeddable":true,"href":"http:\/\/archiv.szolnoktv.hu\/index.php?rest_route=%2Fwp%2Fv2%2Fcategories&post=27732"},{"taxonomy":"post_tag","embeddable":true,"href":"http:\/\/archiv.szolnoktv.hu\/index.php?rest_route=%2Fwp%2Fv2%2Ftags&post=27732"}],"curies":[{"name":"wp","href":"https:\/\/api.w.org\/{rel}","templated":true}]}}