{"id":27731,"date":"2009-03-25T21:32:44","date_gmt":"2009-03-25T21:32:44","guid":{"rendered":"http:\/\/archiv.szolnoktv.hu\/?p=27731"},"modified":"2021-11-11T19:35:56","modified_gmt":"2021-11-11T19:35:56","slug":"jatszoter-zold-munkak","status":"publish","type":"post","link":"http:\/\/archiv.szolnoktv.hu\/?p=27731","title":{"rendered":"J\u00e1tsz\u00f3t\u00e9r z\u00f6ld munk\u00e1k"},"content":{"rendered":"<div class='booster-block booster-read-block'><\/div><p>Z\u00f6ldbe borul. Persze csak akkor, ha vigy\u00e1zunk r\u00e1. Megkezd\u0151dtek az \u00faj j\u00e1tsz\u00f3tereket \u00e9rint\u0151 gyepes\u00edt\u00e9si munk\u00e1latok. St\u00e1bunk az Ady Endre \u00faton j\u00e1rt.<br \/>\nF\u00e9lk\u00e9szen is n\u00e9pszer\u0171. Ezt bizony\u00edtja az \u00faj j\u00e1tsz\u00f3tereket ellep\u0151 gyereksereg, mely el\u00e9gedetten vette birtokba az elker\u00edtett ter\u00fcleteket. Most, hogy a fagy- \u00e9s a nedvess\u00e9g m\u00e1r nem akad\u00e1lyozza a folytat\u00e1st, megkezd\u0151d\u00f6tt a tereprendez\u00e9s utols\u00f3 fejezete. A j\u00e1t\u00e9kelemek k\u00f6z\u00f6tti ter\u00fcletet f\u0171maggal vetik be. *A talajlaz\u00edt\u00e1s g\u00e9pi munk\u00e1t vesz ig\u00e9nybe, de nem csup\u00e1n ennek min\u0151s\u00e9g\u00e9n m\u00falik z\u00f6ldbe borul- e a j\u00e1tsz\u00f3t\u00e9r, hanem azon is mennyire vigy\u00e1zunk az \u00e1gy\u00e1sokra, melyek tapos\u00e1s hat\u00e1s\u00e1ra egynetlenn\u00e9, balesetvesz\u00e9lyess\u00e9 v\u00e1lhatnak. T\u00fcrelem!&#8230; &#8211; ezt k\u00e9ri a v\u00e1rosi f\u0151kert\u00e9sz a gyerekekt\u0151l, akiket nem eltiltani szeretn\u00e9nek a j\u00e1t\u00e9kt\u00f3l, csup\u00e1n k\u00f6r\u00f6ltekint\u00e9sre intenek. A z\u00f6ldter\u00fcletkialak\u00edt\u00e1si munk\u00e1kkal j\u00f3 id\u0151 eset\u00e9n napokon bel\u00fcl v\u00e9geznek.<\/p>\n","protected":false},"excerpt":{"rendered":"<p>Z\u00f6ldbe borul. Persze csak akkor, ha vigy\u00e1zunk r\u00e1. Megkezd\u0151dtek az \u00faj j\u00e1tsz\u00f3tereket \u00e9rint\u0151 gyepes\u00edt\u00e9si munk\u00e1latok. St\u00e1bunk az Ady Endre \u00faton j\u00e1rt. F\u00e9lk\u00e9szen is n\u00e9pszer\u0171. Ezt bizony\u00edtja az \u00faj j\u00e1tsz\u00f3tereket ellep\u0151 gyereksereg, mely el\u00e9gedetten vette birtokba az elker\u00edtett ter\u00fcleteket. Most, hogy a fagy- \u00e9s a nedvess\u00e9g m\u00e1r nem akad\u00e1lyozza a folytat\u00e1st, megkezd\u0151d\u00f6tt a tereprendez\u00e9s utols\u00f3 fejezete. [&hellip;]<\/p>\n","protected":false},"author":2,"featured_media":0,"comment_status":"open","ping_status":"open","sticky":false,"template":"","format":"standard","meta":[],"categories":[22],"tags":[],"_links":{"self":[{"href":"http:\/\/archiv.szolnoktv.hu\/index.php?rest_route=\/wp\/v2\/posts\/27731"}],"collection":[{"href":"http:\/\/archiv.szolnoktv.hu\/index.php?rest_route=\/wp\/v2\/posts"}],"about":[{"href":"http:\/\/archiv.szolnoktv.hu\/index.php?rest_route=\/wp\/v2\/types\/post"}],"author":[{"embeddable":true,"href":"http:\/\/archiv.szolnoktv.hu\/index.php?rest_route=\/wp\/v2\/users\/2"}],"replies":[{"embeddable":true,"href":"http:\/\/archiv.szolnoktv.hu\/index.php?rest_route=%2Fwp%2Fv2%2Fcomments&post=27731"}],"version-history":[{"count":1,"href":"http:\/\/archiv.szolnoktv.hu\/index.php?rest_route=\/wp\/v2\/posts\/27731\/revisions"}],"predecessor-version":[{"id":27788,"href":"http:\/\/archiv.szolnoktv.hu\/index.php?rest_route=\/wp\/v2\/posts\/27731\/revisions\/27788"}],"wp:attachment":[{"href":"http:\/\/archiv.szolnoktv.hu\/index.php?rest_route=%2Fwp%2Fv2%2Fmedia&parent=27731"}],"wp:term":[{"taxonomy":"category","embeddable":true,"href":"http:\/\/archiv.szolnoktv.hu\/index.php?rest_route=%2Fwp%2Fv2%2Fcategories&post=27731"},{"taxonomy":"post_tag","embeddable":true,"href":"http:\/\/archiv.szolnoktv.hu\/index.php?rest_route=%2Fwp%2Fv2%2Ftags&post=27731"}],"curies":[{"name":"wp","href":"https:\/\/api.w.org\/{rel}","templated":true}]}}