{"id":27729,"date":"2009-03-23T21:21:50","date_gmt":"2009-03-23T21:21:50","guid":{"rendered":"http:\/\/archiv.szolnoktv.hu\/?p=27729"},"modified":"2021-11-11T19:35:56","modified_gmt":"2021-11-11T19:35:56","slug":"ujabb-sulyos-baleset-tortent-szolnok-es-zagyvarekas-kozott","status":"publish","type":"post","link":"http:\/\/archiv.szolnoktv.hu\/?p=27729","title":{"rendered":"\u00dajabb s\u00falyos baleset t\u00f6rt\u00e9nt Szolnok \u00e9s Zagyvar\u00e9kas k\u00f6z\u00f6tt"},"content":{"rendered":"<div class='booster-block booster-read-block'><\/div><p>A d\u00e9lel\u0151tti \u00f3r\u00e1kban egy szem\u00e9lyg\u00e9pkocsi \u00fctk\u00f6z\u00f6tt \u00f6ssze egy r\u00f6nkf\u00e1kat sz\u00e1ll\u00edt\u00f3 p\u00f3tkocsis teheraut\u00f3val. A Suzuki sof\u0151rj\u00e9t s\u00falyos s\u00e9r\u00fcl\u00e9sekkel sz\u00e1ll\u00edtott\u00e1k k\u00f3rh\u00e1zba.<br \/>\nK\u00e9t \u00f3r\u00e1s \u00fatz\u00e1r a 32-esen. Nem sokkal d\u00e9l el\u0151tt Szolnok \u00e9s Zagyvar\u00e9kas k\u00f6z\u00f6tt ugyanott t\u00f6rt\u00e9nt baleset, ahol december 21-\u00e9n Tiszagyenda polg\u00e1rmestere is \u00e9let\u00e9t vesztette. A rend\u0151rs\u00e9g inform\u00e1ci\u00f3i szerint egy Suzuki el\u0151z\u00e9sbe kezdett figyelmetlen\u00fcl. Amikor a vele szemben k\u00f6zleked\u0151, t\u00f6bb tonna f\u00e1val megrakott p\u00f3tkocsis teheraut\u00f3 sof\u0151rje \u00e9szrevette, hogy a szem\u00e9lyaut\u00f3 nem t\u00e9r ki el\u0151le, elr\u00e1ntotta a korm\u00e1nyt. Az \u00fctk\u00f6z\u00e9st m\u00e1r nem lehetett elker\u00fclni. A szem\u00e9lyaut\u00f3 tot\u00e1lk\u00e1ros lett. Vezet\u0151j\u00e9t, az 50 \u00e9ves szolnoki f\u00e9rfit a t\u0171zolt\u00f3k szabad\u00edtott\u00e1k ki a roncsb\u00f3l, majd s\u00falyos s\u00e9r\u00fcl\u00e9sekkel sz\u00e1ll\u00edtott\u00e1k a Het\u00e9nyi G\u00e9za K\u00f3rh\u00e1z intenz\u00edv oszt\u00e1ly\u00e1ra. A teheraut\u00f3 sof\u0151rje nem s\u00e9r\u00fclt meg.<\/p>\n","protected":false},"excerpt":{"rendered":"<p>A d\u00e9lel\u0151tti \u00f3r\u00e1kban egy szem\u00e9lyg\u00e9pkocsi \u00fctk\u00f6z\u00f6tt \u00f6ssze egy r\u00f6nkf\u00e1kat sz\u00e1ll\u00edt\u00f3 p\u00f3tkocsis teheraut\u00f3val. A Suzuki sof\u0151rj\u00e9t s\u00falyos s\u00e9r\u00fcl\u00e9sekkel sz\u00e1ll\u00edtott\u00e1k k\u00f3rh\u00e1zba. K\u00e9t \u00f3r\u00e1s \u00fatz\u00e1r a 32-esen. Nem sokkal d\u00e9l el\u0151tt Szolnok \u00e9s Zagyvar\u00e9kas k\u00f6z\u00f6tt ugyanott t\u00f6rt\u00e9nt baleset, ahol december 21-\u00e9n Tiszagyenda polg\u00e1rmestere is \u00e9let\u00e9t vesztette. A rend\u0151rs\u00e9g inform\u00e1ci\u00f3i szerint egy Suzuki el\u0151z\u00e9sbe kezdett figyelmetlen\u00fcl. Amikor a vele [&hellip;]<\/p>\n","protected":false},"author":2,"featured_media":0,"comment_status":"open","ping_status":"open","sticky":false,"template":"","format":"standard","meta":[],"categories":[22],"tags":[],"_links":{"self":[{"href":"http:\/\/archiv.szolnoktv.hu\/index.php?rest_route=\/wp\/v2\/posts\/27729"}],"collection":[{"href":"http:\/\/archiv.szolnoktv.hu\/index.php?rest_route=\/wp\/v2\/posts"}],"about":[{"href":"http:\/\/archiv.szolnoktv.hu\/index.php?rest_route=\/wp\/v2\/types\/post"}],"author":[{"embeddable":true,"href":"http:\/\/archiv.szolnoktv.hu\/index.php?rest_route=\/wp\/v2\/users\/2"}],"replies":[{"embeddable":true,"href":"http:\/\/archiv.szolnoktv.hu\/index.php?rest_route=%2Fwp%2Fv2%2Fcomments&post=27729"}],"version-history":[{"count":1,"href":"http:\/\/archiv.szolnoktv.hu\/index.php?rest_route=\/wp\/v2\/posts\/27729\/revisions"}],"predecessor-version":[{"id":27792,"href":"http:\/\/archiv.szolnoktv.hu\/index.php?rest_route=\/wp\/v2\/posts\/27729\/revisions\/27792"}],"wp:attachment":[{"href":"http:\/\/archiv.szolnoktv.hu\/index.php?rest_route=%2Fwp%2Fv2%2Fmedia&parent=27729"}],"wp:term":[{"taxonomy":"category","embeddable":true,"href":"http:\/\/archiv.szolnoktv.hu\/index.php?rest_route=%2Fwp%2Fv2%2Fcategories&post=27729"},{"taxonomy":"post_tag","embeddable":true,"href":"http:\/\/archiv.szolnoktv.hu\/index.php?rest_route=%2Fwp%2Fv2%2Ftags&post=27729"}],"curies":[{"name":"wp","href":"https:\/\/api.w.org\/{rel}","templated":true}]}}