{"id":27728,"date":"2009-03-23T21:20:30","date_gmt":"2009-03-23T21:20:30","guid":{"rendered":"http:\/\/archiv.szolnoktv.hu\/?p=27728"},"modified":"2021-11-11T19:35:56","modified_gmt":"2021-11-11T19:35:56","slug":"riszi-het","status":"publish","type":"post","link":"http:\/\/archiv.szolnoktv.hu\/?p=27728","title":{"rendered":"Riszi-h\u00e9t"},"content":{"rendered":"<div class='booster-block booster-read-block'><\/div><p>Szakmai h\u00e9t a Riszi-ben. Szombatig fodr\u00e1sz- \u00e9s divatbemutat\u00f3k, vet\u00e9lked\u0151k, k\u00fcl\u00f6nb\u00f6z\u0151 k\u00e9zm\u0171ves foglalkoz\u00e1sok \u00e9s sportrendezv\u00e9nyek v\u00e1rj\u00e1k a di\u00e1kokat. A h\u00e9t f\u00e9nypontjak\u00e9nt p\u00e9nteken g\u00e1laesten mutatj\u00e1k be a di\u00e1kok az \u00e1ltaluk tervezett \u00e9s k\u00e9sz\u00edtett ruh\u00e1kat.<br \/>\nM\u00e1r t\u00f6bb mint 10 \u00e9ve rendezik meg a Ruhaipariban a szakmai hetet. Ilyenkor mindig felpezsd\u00fcl a di\u00e1k\u00e9let az int\u00e9zm\u00e9nyben. Ki\u00e1ll\u00edt\u00e1sok, bemutat\u00f3k, el\u0151ad\u00e1sok, vet\u00e9lked\u0151k \u00e9s k\u00e9zm\u0171ves programok sz\u00ednes\u00edtik a sz\u00fcrke h\u00e9tk\u00f6znapokat. A h\u00e9t m\u00e1r vas\u00e1rnap elkezd\u0151d\u00f6tt a fodr\u00e1sz \u00e9s sminkversennyel, valamint a divat \u00e9s frizurarajz p\u00e1ly\u00e1zattal. Az eredm\u00e9nyek pedig m\u00e1r meg is sz\u00fclettek, a legjobbak pedig \u00e1tvehett\u00e9k a j\u00f3l meg\u00e9rdemelt d\u00edjakat. Nem csak az eredm\u00e9nyhirdet\u00e9st el\u0151zte meg nagy izgalom, hanem az eg\u00e9sz heten \u00e1t tart\u00f3 programsorozatot is nagyon v\u00e1rt\u00e1k m\u00e1r a di\u00e1kok. A RISZI-h\u00e9t id\u00e9n k\u00e9t nappal tov\u00e1bb tart, ugyanis a szombati tan\u00edt\u00e1si napon is verseny v\u00e1r a tanul\u00f3kra. Ekkor lesz a szellemi olimia, ahol logikai k\u00e9pess\u00e9g\u00fcket, r\u00e9termetts\u00e9g\u00fcket m\u00e9rhetik \u00f6ssze a csapatok. A h\u00e9t cs\u00facspontja p\u00e9nteken lesz, ekkor az Aba-Nov\u00e1k Kultur\u00e1lis K\u00f6zpontban &#8211; a debreceni, tiszaf\u00fcredi \u00e9s budapesti di\u00e1kokkal kieg\u00e9sz\u00fclve &#8211; divatbemutat\u00f3t tartanak a Riszisek.<\/p>\n","protected":false},"excerpt":{"rendered":"<p>Szakmai h\u00e9t a Riszi-ben. Szombatig fodr\u00e1sz- \u00e9s divatbemutat\u00f3k, vet\u00e9lked\u0151k, k\u00fcl\u00f6nb\u00f6z\u0151 k\u00e9zm\u0171ves foglalkoz\u00e1sok \u00e9s sportrendezv\u00e9nyek v\u00e1rj\u00e1k a di\u00e1kokat. A h\u00e9t f\u00e9nypontjak\u00e9nt p\u00e9nteken g\u00e1laesten mutatj\u00e1k be a di\u00e1kok az \u00e1ltaluk tervezett \u00e9s k\u00e9sz\u00edtett ruh\u00e1kat. M\u00e1r t\u00f6bb mint 10 \u00e9ve rendezik meg a Ruhaipariban a szakmai hetet. Ilyenkor mindig felpezsd\u00fcl a di\u00e1k\u00e9let az int\u00e9zm\u00e9nyben. Ki\u00e1ll\u00edt\u00e1sok, bemutat\u00f3k, el\u0151ad\u00e1sok, vet\u00e9lked\u0151k [&hellip;]<\/p>\n","protected":false},"author":2,"featured_media":0,"comment_status":"open","ping_status":"open","sticky":false,"template":"","format":"standard","meta":[],"categories":[22],"tags":[],"_links":{"self":[{"href":"http:\/\/archiv.szolnoktv.hu\/index.php?rest_route=\/wp\/v2\/posts\/27728"}],"collection":[{"href":"http:\/\/archiv.szolnoktv.hu\/index.php?rest_route=\/wp\/v2\/posts"}],"about":[{"href":"http:\/\/archiv.szolnoktv.hu\/index.php?rest_route=\/wp\/v2\/types\/post"}],"author":[{"embeddable":true,"href":"http:\/\/archiv.szolnoktv.hu\/index.php?rest_route=\/wp\/v2\/users\/2"}],"replies":[{"embeddable":true,"href":"http:\/\/archiv.szolnoktv.hu\/index.php?rest_route=%2Fwp%2Fv2%2Fcomments&post=27728"}],"version-history":[{"count":1,"href":"http:\/\/archiv.szolnoktv.hu\/index.php?rest_route=\/wp\/v2\/posts\/27728\/revisions"}],"predecessor-version":[{"id":27793,"href":"http:\/\/archiv.szolnoktv.hu\/index.php?rest_route=\/wp\/v2\/posts\/27728\/revisions\/27793"}],"wp:attachment":[{"href":"http:\/\/archiv.szolnoktv.hu\/index.php?rest_route=%2Fwp%2Fv2%2Fmedia&parent=27728"}],"wp:term":[{"taxonomy":"category","embeddable":true,"href":"http:\/\/archiv.szolnoktv.hu\/index.php?rest_route=%2Fwp%2Fv2%2Fcategories&post=27728"},{"taxonomy":"post_tag","embeddable":true,"href":"http:\/\/archiv.szolnoktv.hu\/index.php?rest_route=%2Fwp%2Fv2%2Ftags&post=27728"}],"curies":[{"name":"wp","href":"https:\/\/api.w.org\/{rel}","templated":true}]}}