{"id":27727,"date":"2009-03-23T21:18:34","date_gmt":"2009-03-23T21:18:34","guid":{"rendered":"http:\/\/archiv.szolnoktv.hu\/?p=27727"},"modified":"2021-11-11T19:35:56","modified_gmt":"2021-11-11T19:35:56","slug":"szakma-kivalo-tanuloja-verseny","status":"publish","type":"post","link":"http:\/\/archiv.szolnoktv.hu\/?p=27727","title":{"rendered":"Szakma kiv\u00e1l\u00f3 tanul\u00f3ja verseny"},"content":{"rendered":"<div class='booster-block booster-read-block'><\/div><p>Hol terem a j\u00f3 szaki? Karossz\u00e9rialakatos \u00e9s f\u00e9nyez\u0151- m\u00e1zol\u00f3 szakiskol\u00e1sok orsz\u00e1gos szakmai versenye zajlik ma \u00e9s holnap Szolnokon. A legjobban teljes\u00edt\u0151 di\u00e1kok meg\u00fassz\u00e1k az \u00e9v v\u00e9gi z\u00e1r\u00f3vizsg\u00e1kat.<br \/>\nCsend van a G\u00e9pipari tanm\u0171hely\u00e9ben. Orsz\u00e1gos d\u00f6nt\u0151h\u00f6z ill\u0151 m\u00e9ly csend. El\u0151ker\u00fclnek a megengedett seg\u00e9deszk\u00f6z\u00f6k: m\u00e9r\u0151szalag, kalap\u00e1cs, der\u00e9ksz\u00f6g.* A Szakma Kiv\u00e1l\u00f3 Tanul\u00f3ja Versenyt egyre t\u00f6bb szakiskola egyre t\u00f6bb di\u00e1kja veszi komolyan. A k\u00f6zelm\u00falt gy\u00e9r \u00e9rdekl\u0151d\u00e9se ut\u00e1n ism\u00e9t emelkedik a r\u00e9sztvev\u0151k l\u00e9tsz\u00e1ma. A verseny szigor\u00fa szab\u00e1lyainak egyike, hogy a versenyz\u0151k nem nevet kapnak, hanem azonos\u00edt\u00f3sz\u00e1mot. \u00c9pp mint a &#8220;Piszkos tizenkett\u0151&#8221;&#8221;- ben. Err\u0151l a fiatalemberr\u0151l is csak azt szabad tudni<br \/>\nhogy k\u00fcsz\u00f6b\u00f6t k\u00e9sz\u00edt \u00e9s \u0151 a K6- os. J\u00f3val nagyobb a munkazaj ebben a m\u0171helyben. Kapkodni itt sem kell- \u00f6t \u00f3r\u00e1ja van a feladat megold\u00e1s\u00e1ra a versenyz\u0151nek. Ez a z\u00f6ld ruh\u00e1s fiatalember is kom\u00f3tosan<\/p>\n","protected":false},"excerpt":{"rendered":"<p>Hol terem a j\u00f3 szaki? Karossz\u00e9rialakatos \u00e9s f\u00e9nyez\u0151- m\u00e1zol\u00f3 szakiskol\u00e1sok orsz\u00e1gos szakmai versenye zajlik ma \u00e9s holnap Szolnokon. A legjobban teljes\u00edt\u0151 di\u00e1kok meg\u00fassz\u00e1k az \u00e9v v\u00e9gi z\u00e1r\u00f3vizsg\u00e1kat. Csend van a G\u00e9pipari tanm\u0171hely\u00e9ben. Orsz\u00e1gos d\u00f6nt\u0151h\u00f6z ill\u0151 m\u00e9ly csend. El\u0151ker\u00fclnek a megengedett seg\u00e9deszk\u00f6z\u00f6k: m\u00e9r\u0151szalag, kalap\u00e1cs, der\u00e9ksz\u00f6g.* A Szakma Kiv\u00e1l\u00f3 Tanul\u00f3ja Versenyt egyre t\u00f6bb szakiskola egyre t\u00f6bb di\u00e1kja [&hellip;]<\/p>\n","protected":false},"author":2,"featured_media":0,"comment_status":"open","ping_status":"open","sticky":false,"template":"","format":"standard","meta":[],"categories":[22],"tags":[],"_links":{"self":[{"href":"http:\/\/archiv.szolnoktv.hu\/index.php?rest_route=\/wp\/v2\/posts\/27727"}],"collection":[{"href":"http:\/\/archiv.szolnoktv.hu\/index.php?rest_route=\/wp\/v2\/posts"}],"about":[{"href":"http:\/\/archiv.szolnoktv.hu\/index.php?rest_route=\/wp\/v2\/types\/post"}],"author":[{"embeddable":true,"href":"http:\/\/archiv.szolnoktv.hu\/index.php?rest_route=\/wp\/v2\/users\/2"}],"replies":[{"embeddable":true,"href":"http:\/\/archiv.szolnoktv.hu\/index.php?rest_route=%2Fwp%2Fv2%2Fcomments&post=27727"}],"version-history":[{"count":1,"href":"http:\/\/archiv.szolnoktv.hu\/index.php?rest_route=\/wp\/v2\/posts\/27727\/revisions"}],"predecessor-version":[{"id":27794,"href":"http:\/\/archiv.szolnoktv.hu\/index.php?rest_route=\/wp\/v2\/posts\/27727\/revisions\/27794"}],"wp:attachment":[{"href":"http:\/\/archiv.szolnoktv.hu\/index.php?rest_route=%2Fwp%2Fv2%2Fmedia&parent=27727"}],"wp:term":[{"taxonomy":"category","embeddable":true,"href":"http:\/\/archiv.szolnoktv.hu\/index.php?rest_route=%2Fwp%2Fv2%2Fcategories&post=27727"},{"taxonomy":"post_tag","embeddable":true,"href":"http:\/\/archiv.szolnoktv.hu\/index.php?rest_route=%2Fwp%2Fv2%2Ftags&post=27727"}],"curies":[{"name":"wp","href":"https:\/\/api.w.org\/{rel}","templated":true}]}}