{"id":27726,"date":"2009-03-23T21:17:08","date_gmt":"2009-03-23T21:17:08","guid":{"rendered":"http:\/\/archiv.szolnoktv.hu\/?p=27726"},"modified":"2021-11-11T19:35:57","modified_gmt":"2021-11-11T19:35:57","slug":"haduzenet-a-szemeltnek","status":"publish","type":"post","link":"http:\/\/archiv.szolnoktv.hu\/?p=27726","title":{"rendered":"Had\u00fczenet a szem\u00e9ltnek"},"content":{"rendered":"<div class='booster-block booster-read-block'><\/div><p>Id\u00e9n ism\u00e9t p\u00e1ly\u00e1zik a v\u00e1ros \u00e9s a Munkalehet\u0151s\u00e9g a J\u00f6v\u0151\u00e9rt Szolnok Nonprofit Kft. a &#8220;Vas\u00fat-tisztas\u00e1gi&#8221;&#8221; k\u00f6zmunkaprogramra. A t\u00f6bb<br \/>\nmint 50 embernek munk\u00e1t ad\u00f3 lehet\u0151s\u00e9gr\u0151l<br \/>\n\u00e9s a p\u00e1ly\u00e1zat felt\u00e9teleir\u0151l t\u00e1rgyaltak a K\u00f6zgy\u0171l\u00e9s V\u00e1rosfejleszt\u00e9si Bizotts\u00e1g\u00e1nak \u00fcl\u00e9s\u00e9n. &#8220;<\/p>\n","protected":false},"excerpt":{"rendered":"<p>Id\u00e9n ism\u00e9t p\u00e1ly\u00e1zik a v\u00e1ros \u00e9s a Munkalehet\u0151s\u00e9g a J\u00f6v\u0151\u00e9rt Szolnok Nonprofit Kft. a &#8220;Vas\u00fat-tisztas\u00e1gi&#8221;&#8221; k\u00f6zmunkaprogramra. A t\u00f6bb mint 50 embernek munk\u00e1t ad\u00f3 lehet\u0151s\u00e9gr\u0151l \u00e9s a p\u00e1ly\u00e1zat felt\u00e9teleir\u0151l t\u00e1rgyaltak a K\u00f6zgy\u0171l\u00e9s V\u00e1rosfejleszt\u00e9si Bizotts\u00e1g\u00e1nak \u00fcl\u00e9s\u00e9n. &#8220;<\/p>\n","protected":false},"author":2,"featured_media":0,"comment_status":"open","ping_status":"open","sticky":false,"template":"","format":"standard","meta":[],"categories":[22],"tags":[],"_links":{"self":[{"href":"http:\/\/archiv.szolnoktv.hu\/index.php?rest_route=\/wp\/v2\/posts\/27726"}],"collection":[{"href":"http:\/\/archiv.szolnoktv.hu\/index.php?rest_route=\/wp\/v2\/posts"}],"about":[{"href":"http:\/\/archiv.szolnoktv.hu\/index.php?rest_route=\/wp\/v2\/types\/post"}],"author":[{"embeddable":true,"href":"http:\/\/archiv.szolnoktv.hu\/index.php?rest_route=\/wp\/v2\/users\/2"}],"replies":[{"embeddable":true,"href":"http:\/\/archiv.szolnoktv.hu\/index.php?rest_route=%2Fwp%2Fv2%2Fcomments&post=27726"}],"version-history":[{"count":1,"href":"http:\/\/archiv.szolnoktv.hu\/index.php?rest_route=\/wp\/v2\/posts\/27726\/revisions"}],"predecessor-version":[{"id":27795,"href":"http:\/\/archiv.szolnoktv.hu\/index.php?rest_route=\/wp\/v2\/posts\/27726\/revisions\/27795"}],"wp:attachment":[{"href":"http:\/\/archiv.szolnoktv.hu\/index.php?rest_route=%2Fwp%2Fv2%2Fmedia&parent=27726"}],"wp:term":[{"taxonomy":"category","embeddable":true,"href":"http:\/\/archiv.szolnoktv.hu\/index.php?rest_route=%2Fwp%2Fv2%2Fcategories&post=27726"},{"taxonomy":"post_tag","embeddable":true,"href":"http:\/\/archiv.szolnoktv.hu\/index.php?rest_route=%2Fwp%2Fv2%2Ftags&post=27726"}],"curies":[{"name":"wp","href":"https:\/\/api.w.org\/{rel}","templated":true}]}}