{"id":27723,"date":"2009-03-18T21:45:00","date_gmt":"2009-03-18T21:45:00","guid":{"rendered":"http:\/\/archiv.szolnoktv.hu\/?p=27723"},"modified":"2021-11-11T19:35:58","modified_gmt":"2021-11-11T19:35:58","slug":"m4-kozmeghallgatas","status":"publish","type":"post","link":"http:\/\/archiv.szolnoktv.hu\/?p=27723","title":{"rendered":"M4 k\u00f6zmeghallgat\u00e1s"},"content":{"rendered":"<div class='booster-block booster-read-block'><\/div><p>V\u00e9lem\u00e9nyeket v\u00e1rtak. K\u00f6zmeghallgat\u00e1st tartott d\u00e9lut\u00e1n az Orsz\u00e1gos K\u00f6rnyezetv\u00e9delmi, Term\u00e9szetv\u00e9delmi \u00e9s V\u00edz\u00fcgyi F\u0151fel\u00fcgyel\u0151s\u00e9g a Megyeh\u00e1za d\u00edszterm\u00e9ben az M4-es gyorsforgalmi \u00fat Abony-Fegyvernek k\u00f6z\u00f6tti, szolnoki elker\u00fcl\u0151 szakasz\u00e1val \u00e9s a Tiszap\u00fcsp\u00f6kin\u00e9l meg\u00e9p\u00edtend\u0151 \u00faj Tisza-h\u00edddal kapcsolatban. A r\u00e9sztvev\u0151k t\u00f6bbs\u00e9ge a term\u00e9szeti \u00e9rt\u00e9kek v\u00e9delm\u00e9ben sz\u00f3lalt fel.<br \/>\nLassan t\u00edz \u00e9ve m\u00e1r annak, hogy elk\u00e9sz\u00fclt az M4-es aut\u00f3p\u00e1lya els\u0151 megval\u00f3s\u00edthat\u00f3s\u00e1gi tanulm\u00e1nya. A t\u00e9nyleges meg\u00e9p\u00edt\u00e9shez azonban csak ut\u00f3bbi id\u0151ben ker\u00fcltek k\u00f6zelebb a tervek. 2008-ban az orsz\u00e1gos f\u0151fel\u00fcgyel\u0151s\u00e9g k\u00e9t nyomvonalra \u00edrt el\u0151 hat\u00e1stanulm\u00e1ny-k\u00e9sz\u00edt\u00e9st. Szeptemberben a megyei k\u00f6zgy\u0171l\u00e9s a tervez\u00e9si munk\u00e1k gyors\u00edt\u00e1s\u00e1t kezdem\u00e9nyezte, hogy a kivitelez\u00e9st 2010 ut\u00e1n megkezdhess\u00e9k. Id\u00e9n febru\u00e1rban a megyeh\u00e1z\u00e1n \u00e9rt\u00e9kelt\u00e9k az k\u00f6rnyezeti hat\u00e1stanulm\u00e1nyt, majd m\u00e1rcius 5-\u00e9n a Szolnok \u00e9s Pest megyei k\u00f6zgy\u0171l\u00e9s eln\u00f6ke, orsz\u00e1ggy\u0171l\u00e9si k\u00e9pvisel\u0151k \u00e9s az \u00e9rintett telep\u00fcl\u00e9sek polg\u00e1rmesterei lev\u00e9lben k\u00e9rt\u00e9k Gyurcs\u00e1ny Ferenc minisztereln\u00f6kt\u0151l a kivitelez\u00e9s mihamarabbi elkezd\u00e9s\u00e9t. Az elj\u00e1r\u00e1s k\u00f6vetkez\u0151 f\u00e1zisa a k\u00f6zmeghallgat\u00e1s volt. A legt\u00f6bben a term\u00e9szeti \u00e9rt\u00e9keket f\u00e9ltett\u00e9k, mivel a tervezett nyomvonal Natura 2000-es, uni\u00f3s v\u00e9delem alatt \u00e1ll\u00f3 ter\u00fcleteket \u00e9rint. \u00c1m volt olyan is, aki az\u00e9rt ment el, mert \u00fagy tudta, a tany\u00e1ja mellett megy majd el az \u00fat. A v\u00e9lem\u00e9nyekr\u0151l jegyz\u0151k\u00f6nyv k\u00e9sz\u00fclt, melyeket a tanulm\u00e1ny \u00e9rt\u00e9kel\u00e9sekor \u00e9s a nyomvonal kiv\u00e1laszt\u00e1sakor figyelembe fognak venni.<\/p>\n","protected":false},"excerpt":{"rendered":"<p>V\u00e9lem\u00e9nyeket v\u00e1rtak. K\u00f6zmeghallgat\u00e1st tartott d\u00e9lut\u00e1n az Orsz\u00e1gos K\u00f6rnyezetv\u00e9delmi, Term\u00e9szetv\u00e9delmi \u00e9s V\u00edz\u00fcgyi F\u0151fel\u00fcgyel\u0151s\u00e9g a Megyeh\u00e1za d\u00edszterm\u00e9ben az M4-es gyorsforgalmi \u00fat Abony-Fegyvernek k\u00f6z\u00f6tti, szolnoki elker\u00fcl\u0151 szakasz\u00e1val \u00e9s a Tiszap\u00fcsp\u00f6kin\u00e9l meg\u00e9p\u00edtend\u0151 \u00faj Tisza-h\u00edddal kapcsolatban. A r\u00e9sztvev\u0151k t\u00f6bbs\u00e9ge a term\u00e9szeti \u00e9rt\u00e9kek v\u00e9delm\u00e9ben sz\u00f3lalt fel. Lassan t\u00edz \u00e9ve m\u00e1r annak, hogy elk\u00e9sz\u00fclt az M4-es aut\u00f3p\u00e1lya els\u0151 megval\u00f3s\u00edthat\u00f3s\u00e1gi tanulm\u00e1nya. A t\u00e9nyleges [&hellip;]<\/p>\n","protected":false},"author":2,"featured_media":0,"comment_status":"open","ping_status":"open","sticky":false,"template":"","format":"standard","meta":[],"categories":[22],"tags":[],"_links":{"self":[{"href":"http:\/\/archiv.szolnoktv.hu\/index.php?rest_route=\/wp\/v2\/posts\/27723"}],"collection":[{"href":"http:\/\/archiv.szolnoktv.hu\/index.php?rest_route=\/wp\/v2\/posts"}],"about":[{"href":"http:\/\/archiv.szolnoktv.hu\/index.php?rest_route=\/wp\/v2\/types\/post"}],"author":[{"embeddable":true,"href":"http:\/\/archiv.szolnoktv.hu\/index.php?rest_route=\/wp\/v2\/users\/2"}],"replies":[{"embeddable":true,"href":"http:\/\/archiv.szolnoktv.hu\/index.php?rest_route=%2Fwp%2Fv2%2Fcomments&post=27723"}],"version-history":[{"count":1,"href":"http:\/\/archiv.szolnoktv.hu\/index.php?rest_route=\/wp\/v2\/posts\/27723\/revisions"}],"predecessor-version":[{"id":27802,"href":"http:\/\/archiv.szolnoktv.hu\/index.php?rest_route=\/wp\/v2\/posts\/27723\/revisions\/27802"}],"wp:attachment":[{"href":"http:\/\/archiv.szolnoktv.hu\/index.php?rest_route=%2Fwp%2Fv2%2Fmedia&parent=27723"}],"wp:term":[{"taxonomy":"category","embeddable":true,"href":"http:\/\/archiv.szolnoktv.hu\/index.php?rest_route=%2Fwp%2Fv2%2Fcategories&post=27723"},{"taxonomy":"post_tag","embeddable":true,"href":"http:\/\/archiv.szolnoktv.hu\/index.php?rest_route=%2Fwp%2Fv2%2Ftags&post=27723"}],"curies":[{"name":"wp","href":"https:\/\/api.w.org\/{rel}","templated":true}]}}