{"id":27722,"date":"2009-03-18T21:44:01","date_gmt":"2009-03-18T21:44:01","guid":{"rendered":"http:\/\/archiv.szolnoktv.hu\/?p=27722"},"modified":"2021-11-11T19:35:58","modified_gmt":"2021-11-11T19:35:58","slug":"razzia-eredmenyek","status":"publish","type":"post","link":"http:\/\/archiv.szolnoktv.hu\/?p=27722","title":{"rendered":"Razzia eredm\u00e9nyek"},"content":{"rendered":"<div class='booster-block booster-read-block'><\/div><p>Bev\u00e1lt a szigor. Gyorshajt\u00e1s, gar\u00e1zdas\u00e1g \u00e9s utcai szeszesitalfogyaszt\u00e1s miatt j\u00e1rt el t\u00f6bb \u00edzben is a rend\u0151rs\u00e9g az elm\u00falt 3 h\u00e9t alatt. Szolnokon ennyi ideje vezett\u00e9k be az \u00e9jf\u00e9li razzi\u00e1kat az \u00f6nkorm\u00e1nyzat k\u00e9r\u00e9s\u00e9re.<br \/>\n3 hete r\u00f3j\u00e1k a szolnoki utc\u00e1kat. Ha kell- beavatkoznak, ha gyanu mer\u00fcl fel- igazoltatnak, ha \u00e9pp nincs ok int\u00e9zked\u00e9sre- puszta jelenl\u00e9t\u00fckkel is a t\u00f6rv\u00e9nyek betart\u00e1s\u00e1ra k\u00e9sztetnek. Minden tisztess\u00e9ges v\u00e1roslak\u00f3 nyert \u00e9s nyer a fokozott rend\u0151ri jelenl\u00e9ttel, mely egyed\u00fcl a tilosban j\u00e1r\u00f3k k\u00f6r\u00e9ben sz\u00fcl nyugtalans\u00e1got. M\u00e9g nem telt el egy h\u00f3nap- m\u00e1ris jelent\u0151sek az el\u00e9rt eredm\u00e9nyek: 64 f\u0151vel szemben szabtak ki helysz\u00edni b\u00edrs\u00e1got, 46 szab\u00e1lys\u00e9rt\u00e9si elj\u00e1r\u00e1st kezdem\u00e9nyeztek \u00e9s 15 gyanus\u00edtottat fogtak el. A j\u00e1r\u0151r\u00f6z\u00f6 rend\u0151r\u00f6k, polg\u00e1r\u0151r\u00f6k \u00e9s k\u00f6zter\u00fcletfel\u00fcgyel\u0151k a megyesz\u00e9khely legkritikusabb pontjait tartj\u00e1k szemmel. A program folytat\u00e1s\u00e1ban a lakoss\u00e1g javaslatait is figyelembe veszik majd, hiszen a ny\u00e1r k\u00f6zeledt\u00e9vel egyre t\u00f6bb kock\u00e1zati forr\u00e1st jelent\u0151 sz\u00f3rakoztat\u00f3 rendezv\u00e9nynek ad otthont a belv\u00e1ros, amir\u0151l el\u0151zetesen nem kap t\u00e1j\u00e9koztat\u00e1st a v\u00e1rosi kapit\u00e1nys\u00e1g.<\/p>\n","protected":false},"excerpt":{"rendered":"<p>Bev\u00e1lt a szigor. Gyorshajt\u00e1s, gar\u00e1zdas\u00e1g \u00e9s utcai szeszesitalfogyaszt\u00e1s miatt j\u00e1rt el t\u00f6bb \u00edzben is a rend\u0151rs\u00e9g az elm\u00falt 3 h\u00e9t alatt. Szolnokon ennyi ideje vezett\u00e9k be az \u00e9jf\u00e9li razzi\u00e1kat az \u00f6nkorm\u00e1nyzat k\u00e9r\u00e9s\u00e9re. 3 hete r\u00f3j\u00e1k a szolnoki utc\u00e1kat. Ha kell- beavatkoznak, ha gyanu mer\u00fcl fel- igazoltatnak, ha \u00e9pp nincs ok int\u00e9zked\u00e9sre- puszta jelenl\u00e9t\u00fckkel is a [&hellip;]<\/p>\n","protected":false},"author":2,"featured_media":0,"comment_status":"open","ping_status":"open","sticky":false,"template":"","format":"standard","meta":[],"categories":[22],"tags":[],"_links":{"self":[{"href":"http:\/\/archiv.szolnoktv.hu\/index.php?rest_route=\/wp\/v2\/posts\/27722"}],"collection":[{"href":"http:\/\/archiv.szolnoktv.hu\/index.php?rest_route=\/wp\/v2\/posts"}],"about":[{"href":"http:\/\/archiv.szolnoktv.hu\/index.php?rest_route=\/wp\/v2\/types\/post"}],"author":[{"embeddable":true,"href":"http:\/\/archiv.szolnoktv.hu\/index.php?rest_route=\/wp\/v2\/users\/2"}],"replies":[{"embeddable":true,"href":"http:\/\/archiv.szolnoktv.hu\/index.php?rest_route=%2Fwp%2Fv2%2Fcomments&post=27722"}],"version-history":[{"count":1,"href":"http:\/\/archiv.szolnoktv.hu\/index.php?rest_route=\/wp\/v2\/posts\/27722\/revisions"}],"predecessor-version":[{"id":27803,"href":"http:\/\/archiv.szolnoktv.hu\/index.php?rest_route=\/wp\/v2\/posts\/27722\/revisions\/27803"}],"wp:attachment":[{"href":"http:\/\/archiv.szolnoktv.hu\/index.php?rest_route=%2Fwp%2Fv2%2Fmedia&parent=27722"}],"wp:term":[{"taxonomy":"category","embeddable":true,"href":"http:\/\/archiv.szolnoktv.hu\/index.php?rest_route=%2Fwp%2Fv2%2Fcategories&post=27722"},{"taxonomy":"post_tag","embeddable":true,"href":"http:\/\/archiv.szolnoktv.hu\/index.php?rest_route=%2Fwp%2Fv2%2Ftags&post=27722"}],"curies":[{"name":"wp","href":"https:\/\/api.w.org\/{rel}","templated":true}]}}