{"id":27721,"date":"2009-03-17T20:49:50","date_gmt":"2009-03-17T20:49:50","guid":{"rendered":"http:\/\/archiv.szolnoktv.hu\/?p=27721"},"modified":"2021-11-11T19:35:58","modified_gmt":"2021-11-11T19:35:58","slug":"szolnoki-kituntetett","status":"publish","type":"post","link":"http:\/\/archiv.szolnoktv.hu\/?p=27721","title":{"rendered":"Szolnoki kit\u00fcntetett"},"content":{"rendered":"<div class='booster-block booster-read-block'><\/div><p>Doktor Szab\u00f3 L\u00e1szl\u00f3 n\u00e9prajzkutat\u00f3 a h\u00e9tv\u00e9gi \u00fcnnepen az Iparm\u0171v\u00e9szeti M\u00fazeumban vehettte \u00e1t a sok\u00e9ves munk\u00e1j\u00e1\u00e9rt j\u00e1r\u00f3 kit\u00fcntet\u00e9st. A Magyar K\u00f6zt\u00e1rsas\u00e1gi \u00c9rdemrend Lovagkeresztj\u00e9t. A n\u00e9prajz \u00e9s t\u00f6rt\u00e9nelem szakos, volt egyetemi tan\u00e1r sz\u00e1m\u00e1ra ma a Damjanich M\u00fazeumban tartottak egy kisebb \u00fcnneps\u00e9get.<br \/>\nDoktor Szab\u00f3 L\u00e1szl\u00f3 a debreceni Kossuth Lajos Tudom\u00e1ny Egyetem b\u00f6lcs\u00e9szettudom\u00e1nyi kar\u00e1n v\u00e9gezte tanulm\u00e1nyait, majd oklevelet is itt szerzett. 1963-t\u00f3l a Damjanich M\u00fazeum munkat\u00e1rsa \u00e9s imm\u00e1r nyugd\u00edjask\u00e9nt a megyei m\u00fazeumok igazgat\u00f3s\u00e1g\u00e1nak nyugalmazott oszt\u00e1lyvezet\u0151je. A t\u00e1rsadalom, a n\u00e9pi szok\u00e1sok \u00e9s a munkaszervezetek kutat\u00e1s\u00e1nak szentelte \u00e9let\u00e9t. Ahogy mindenki h\u00edvja, Laci b\u00e1csi nyugd\u00edjask\u00e9nt n\u00e9prajzi \u00e9s t\u00f6rt\u00e9nelmi k\u00f6nyveket \u00edr.<\/p>\n","protected":false},"excerpt":{"rendered":"<p>Doktor Szab\u00f3 L\u00e1szl\u00f3 n\u00e9prajzkutat\u00f3 a h\u00e9tv\u00e9gi \u00fcnnepen az Iparm\u0171v\u00e9szeti M\u00fazeumban vehettte \u00e1t a sok\u00e9ves munk\u00e1j\u00e1\u00e9rt j\u00e1r\u00f3 kit\u00fcntet\u00e9st. A Magyar K\u00f6zt\u00e1rsas\u00e1gi \u00c9rdemrend Lovagkeresztj\u00e9t. A n\u00e9prajz \u00e9s t\u00f6rt\u00e9nelem szakos, volt egyetemi tan\u00e1r sz\u00e1m\u00e1ra ma a Damjanich M\u00fazeumban tartottak egy kisebb \u00fcnneps\u00e9get. Doktor Szab\u00f3 L\u00e1szl\u00f3 a debreceni Kossuth Lajos Tudom\u00e1ny Egyetem b\u00f6lcs\u00e9szettudom\u00e1nyi kar\u00e1n v\u00e9gezte tanulm\u00e1nyait, majd oklevelet is [&hellip;]<\/p>\n","protected":false},"author":2,"featured_media":0,"comment_status":"open","ping_status":"open","sticky":false,"template":"","format":"standard","meta":[],"categories":[22],"tags":[],"_links":{"self":[{"href":"http:\/\/archiv.szolnoktv.hu\/index.php?rest_route=\/wp\/v2\/posts\/27721"}],"collection":[{"href":"http:\/\/archiv.szolnoktv.hu\/index.php?rest_route=\/wp\/v2\/posts"}],"about":[{"href":"http:\/\/archiv.szolnoktv.hu\/index.php?rest_route=\/wp\/v2\/types\/post"}],"author":[{"embeddable":true,"href":"http:\/\/archiv.szolnoktv.hu\/index.php?rest_route=\/wp\/v2\/users\/2"}],"replies":[{"embeddable":true,"href":"http:\/\/archiv.szolnoktv.hu\/index.php?rest_route=%2Fwp%2Fv2%2Fcomments&post=27721"}],"version-history":[{"count":1,"href":"http:\/\/archiv.szolnoktv.hu\/index.php?rest_route=\/wp\/v2\/posts\/27721\/revisions"}],"predecessor-version":[{"id":27805,"href":"http:\/\/archiv.szolnoktv.hu\/index.php?rest_route=\/wp\/v2\/posts\/27721\/revisions\/27805"}],"wp:attachment":[{"href":"http:\/\/archiv.szolnoktv.hu\/index.php?rest_route=%2Fwp%2Fv2%2Fmedia&parent=27721"}],"wp:term":[{"taxonomy":"category","embeddable":true,"href":"http:\/\/archiv.szolnoktv.hu\/index.php?rest_route=%2Fwp%2Fv2%2Fcategories&post=27721"},{"taxonomy":"post_tag","embeddable":true,"href":"http:\/\/archiv.szolnoktv.hu\/index.php?rest_route=%2Fwp%2Fv2%2Ftags&post=27721"}],"curies":[{"name":"wp","href":"https:\/\/api.w.org\/{rel}","templated":true}]}}