{"id":27720,"date":"2009-03-17T20:48:30","date_gmt":"2009-03-17T20:48:30","guid":{"rendered":"http:\/\/archiv.szolnoktv.hu\/?p=27720"},"modified":"2021-11-11T19:35:58","modified_gmt":"2021-11-11T19:35:58","slug":"kezrekeritett-bunozok","status":"publish","type":"post","link":"http:\/\/archiv.szolnoktv.hu\/?p=27720","title":{"rendered":"K\u00e9zreker\u00edtett b\u0171n\u00f6z\u0151k"},"content":{"rendered":"<div class='booster-block booster-read-block'><\/div><p>Egy amput\u00e1lt l\u00e1b\u00fa id\u0151s embert b\u00e1ntalmaztak \u00e9s raboltak ki Kengyelen. S\u0171r\u0171 Dezs\u0151 a B\u0171n\u00fcgyi Oszt\u00e1ly vezet\u0151je elmondta, hogy a tetteseket m\u00e1r a bejelent\u00e9s napj\u00e1n elfogt\u00e1k. Czinege L\u00e1szl\u00f3 a t\u00f6r\u00f6kszentmikl\u00f3si kapit\u00e1nys\u00e1g vezet\u0151je hozz\u00e1tette, hogy az elm\u00falt hetekben t\u00f6bb k\u00f6r\u00f6z\u00f6tt b\u0171n\u00f6z\u0151t is k\u00e9zre ker\u00edtettek.<br \/>\nKevesebb mint egy h\u00f3napja Kengyelen k\u00e9t ismeretlen szem\u00e9ly az \u00e9jszaka folyam\u00e1n bet\u00f6rt egy id\u0151s f\u00e9rfi lak\u00e1s\u00e1ba. Az otthon tart\u00f3zkod\u00f3 id\u0151s embert megvert\u00e9k, majd a h\u00e1zban tal\u00e1lt \u00f6sszes k\u00e9szp\u00e9nzt &#8211; nagyj\u00e1b\u00f3l 1 milli\u00f3 forintot &#8211; ellopt\u00e1k. A b\u00e1ntalmazott, 62 \u00e9ves f\u00e9rfit meg kellett m\u0171teni. A T\u00f6r\u00f6kszentmikl\u00f3si Rend\u0151rkapit\u00e1nys\u00e1g a helysz\u00ednel\u00e9s ut\u00e1n r\u00e1bukkant az elk\u00f6vet\u0151k nyom\u00e1ra \u00e9s a tal\u00e1lt bizony\u00edt\u00e9kok alapj\u00e1n \u0151rizetbe vett\u00e9k a k\u00e9t f\u00e9rfit. A mikl\u00f3si rend\u0151rs\u00e9g munk\u00e1j\u00e1t d\u00edcs\u00e9ri, hogy az elm\u00falt hetekben t\u00f6bb olyan k\u00f6r\u00f6z\u00f6tt szem\u00e9lyt is letart\u00f3ztattak, akik sz\u00f6k\u00e9sben voltak. Biatorb\u00e1gyon egy h\u00e1rom hat\u00f3s\u00e1g \u00e1ltal is keresett f\u00e9rfit fogtak el a rend\u0151r\u00f6k. Tov\u00e1bb\u00e1 rend\u0151rk\u00e9zre ker\u00fclt egy olyan volt top 100-as b\u0171n\u00f6z\u0151 is, akit 2005 \u00f3ta t\u00f6bb hat\u00f3s\u00e1g is k\u00f6r\u00f6z\u00f6tt. A m\u00e1rcius 7-i rejt\u00e9lyes mikl\u00f3si hal\u00e1lesettel kapcsolatban &#8211; egy 50 \u00e9ves f\u00e9rfit holtan tal\u00e1ltak lak\u00e1s\u00e1ban &#8211; elindultak a tal\u00e1lgat\u00e1sok a v\u00e1rosban, de kider\u00fclt, hogy b\u0171ncselekm\u00e9ny nem t\u00f6rt\u00e9nt. A rend\u0151r\u00f6k mindenf\u00e9lele idegenkez\u0171s\u00e9get kiz\u00e1rt\u00e1k.<\/p>\n","protected":false},"excerpt":{"rendered":"<p>Egy amput\u00e1lt l\u00e1b\u00fa id\u0151s embert b\u00e1ntalmaztak \u00e9s raboltak ki Kengyelen. S\u0171r\u0171 Dezs\u0151 a B\u0171n\u00fcgyi Oszt\u00e1ly vezet\u0151je elmondta, hogy a tetteseket m\u00e1r a bejelent\u00e9s napj\u00e1n elfogt\u00e1k. Czinege L\u00e1szl\u00f3 a t\u00f6r\u00f6kszentmikl\u00f3si kapit\u00e1nys\u00e1g vezet\u0151je hozz\u00e1tette, hogy az elm\u00falt hetekben t\u00f6bb k\u00f6r\u00f6z\u00f6tt b\u0171n\u00f6z\u0151t is k\u00e9zre ker\u00edtettek. Kevesebb mint egy h\u00f3napja Kengyelen k\u00e9t ismeretlen szem\u00e9ly az \u00e9jszaka folyam\u00e1n bet\u00f6rt egy [&hellip;]<\/p>\n","protected":false},"author":2,"featured_media":0,"comment_status":"open","ping_status":"open","sticky":false,"template":"","format":"standard","meta":[],"categories":[22],"tags":[],"_links":{"self":[{"href":"http:\/\/archiv.szolnoktv.hu\/index.php?rest_route=\/wp\/v2\/posts\/27720"}],"collection":[{"href":"http:\/\/archiv.szolnoktv.hu\/index.php?rest_route=\/wp\/v2\/posts"}],"about":[{"href":"http:\/\/archiv.szolnoktv.hu\/index.php?rest_route=\/wp\/v2\/types\/post"}],"author":[{"embeddable":true,"href":"http:\/\/archiv.szolnoktv.hu\/index.php?rest_route=\/wp\/v2\/users\/2"}],"replies":[{"embeddable":true,"href":"http:\/\/archiv.szolnoktv.hu\/index.php?rest_route=%2Fwp%2Fv2%2Fcomments&post=27720"}],"version-history":[{"count":1,"href":"http:\/\/archiv.szolnoktv.hu\/index.php?rest_route=\/wp\/v2\/posts\/27720\/revisions"}],"predecessor-version":[{"id":27806,"href":"http:\/\/archiv.szolnoktv.hu\/index.php?rest_route=\/wp\/v2\/posts\/27720\/revisions\/27806"}],"wp:attachment":[{"href":"http:\/\/archiv.szolnoktv.hu\/index.php?rest_route=%2Fwp%2Fv2%2Fmedia&parent=27720"}],"wp:term":[{"taxonomy":"category","embeddable":true,"href":"http:\/\/archiv.szolnoktv.hu\/index.php?rest_route=%2Fwp%2Fv2%2Fcategories&post=27720"},{"taxonomy":"post_tag","embeddable":true,"href":"http:\/\/archiv.szolnoktv.hu\/index.php?rest_route=%2Fwp%2Fv2%2Ftags&post=27720"}],"curies":[{"name":"wp","href":"https:\/\/api.w.org\/{rel}","templated":true}]}}