{"id":27719,"date":"2009-03-17T20:47:13","date_gmt":"2009-03-17T20:47:13","guid":{"rendered":"http:\/\/archiv.szolnoktv.hu\/?p=27719"},"modified":"2021-11-11T19:35:58","modified_gmt":"2021-11-11T19:35:58","slug":"marad-a-korlatozas","status":"publish","type":"post","link":"http:\/\/archiv.szolnoktv.hu\/?p=27719","title":{"rendered":"Marad a korl\u00e1toz\u00e1s"},"content":{"rendered":"<div class='booster-block booster-read-block'><\/div><p>Tov\u00e1bbra sem nyitj\u00e1k meg a forgalom el\u0151l a S\u00f3h\u00e1z \u00fat Verseghy Gimn\u00e1zium el\u0151tti szakasz\u00e1t. A jelenlegin\u00e9l azonban sokkal eszt\u00e9tikusabb megold\u00e1st v\u00e1lasztottak &#8211; der\u00fclt ki a v\u00e1rosgazd\u00e1lkod\u00e1si bizotts\u00e1g \u00fcl\u00e9s\u00e9n.<br \/>\nTavaly m\u00e1rcius 14-e \u00f3ta ezek a beton vir\u00e1gl\u00e1d\u00e1k v\u00e1ltoztatt\u00e1k zs\u00e1kutc\u00e1v\u00e1 a S\u00f3h\u00e1z utat. A forgalomkorl\u00e1toz\u00e1s nem okozott osztatlan sikert az aut\u00f3sok k\u00f6r\u00e9ben, az \u00e1tmen\u0151 forgalom kitilt\u00e1s\u00e1val viszont a ter\u00fclet csendesebb\u00e9, v\u00e9dettebb\u00e9 v\u00e1lt. Az eltelt egy \u00e9v tapasztalatait \u00f6sszegezt\u00e9k, a v\u00e1rosgazd\u00e1lkod\u00e1si bizotts\u00e1g mai \u00fcl\u00e9s\u00e9re t\u00f6bb javaslat is elk\u00e9sz\u00fclt. A teljes korl\u00e1toz\u00e1s meghagy\u00e1sa, a S\u00f3h\u00e1z \u00fat \u00fajb\u00f3li megnyit\u00e1sa k\u00e9t-, avagy egyir\u00e1ny\u00fa forgalommal, illetve a szakaszos lez\u00e1r\u00e1s reggel hat \u00e9s este hat \u00f3ra k\u00f6z\u00f6tt egyar\u00e1nt szerepelt az alternat\u00edv\u00e1k k\u00f6z\u00f6tt. A szakma a jelenlegi forgalmi rend megtart\u00e1s\u00e1t javasolta, mert a Szabads\u00e1g t\u00e9r enn\u00e9l nagyobb forgalmat m\u00e1r nem b\u00edrna el. Ugyanakkor a jelenlegin\u00e9l j\u00f3val eszt\u00e9tikusabb kivitel\u0171, burkolatszint al\u00e1 s\u00fcllyeszthet\u0151 oszlopok lehet\u0151v\u00e9 teszik rendezv\u00e9nyek idej\u00e9n, vagy katasztr\u00f3fahelyzetben a korl\u00e1toz\u00e1s megsz\u00fcntet\u00e9s\u00e9t. Az elk\u00e9pzel\u00e9st v\u00e9g\u00fcl \u00f6t-n\u00e9gy ar\u00e1nyban j\u00f3v\u00e1hagyta a szakbizotts\u00e1g, egyben a test\u00fclet hozz\u00e1j\u00e1rult a Szollak Kft.-vel k\u00f6t\u00f6tt keretszerz\u0151d\u00e9s m\u00f3dos\u00edt\u00e1s\u00e1hoz is. A v\u00e1ltoztat\u00e1sra r\u00e9szben az\u00e9rt volt sz\u00fcks\u00e9g, mert a temet\u0151fenntart\u00e1sra ebben az \u00e9vben egymilli\u00f3 forinttal kevesebb p\u00e9nzt kap az \u00f6nkorm\u00e1nyzati tulajdon\u00fa gazdas\u00e1gi t\u00e1rsas\u00e1g.<\/p>\n","protected":false},"excerpt":{"rendered":"<p>Tov\u00e1bbra sem nyitj\u00e1k meg a forgalom el\u0151l a S\u00f3h\u00e1z \u00fat Verseghy Gimn\u00e1zium el\u0151tti szakasz\u00e1t. A jelenlegin\u00e9l azonban sokkal eszt\u00e9tikusabb megold\u00e1st v\u00e1lasztottak &#8211; der\u00fclt ki a v\u00e1rosgazd\u00e1lkod\u00e1si bizotts\u00e1g \u00fcl\u00e9s\u00e9n. Tavaly m\u00e1rcius 14-e \u00f3ta ezek a beton vir\u00e1gl\u00e1d\u00e1k v\u00e1ltoztatt\u00e1k zs\u00e1kutc\u00e1v\u00e1 a S\u00f3h\u00e1z utat. A forgalomkorl\u00e1toz\u00e1s nem okozott osztatlan sikert az aut\u00f3sok k\u00f6r\u00e9ben, az \u00e1tmen\u0151 forgalom kitilt\u00e1s\u00e1val viszont [&hellip;]<\/p>\n","protected":false},"author":2,"featured_media":0,"comment_status":"open","ping_status":"open","sticky":false,"template":"","format":"standard","meta":[],"categories":[22],"tags":[],"_links":{"self":[{"href":"http:\/\/archiv.szolnoktv.hu\/index.php?rest_route=\/wp\/v2\/posts\/27719"}],"collection":[{"href":"http:\/\/archiv.szolnoktv.hu\/index.php?rest_route=\/wp\/v2\/posts"}],"about":[{"href":"http:\/\/archiv.szolnoktv.hu\/index.php?rest_route=\/wp\/v2\/types\/post"}],"author":[{"embeddable":true,"href":"http:\/\/archiv.szolnoktv.hu\/index.php?rest_route=\/wp\/v2\/users\/2"}],"replies":[{"embeddable":true,"href":"http:\/\/archiv.szolnoktv.hu\/index.php?rest_route=%2Fwp%2Fv2%2Fcomments&post=27719"}],"version-history":[{"count":1,"href":"http:\/\/archiv.szolnoktv.hu\/index.php?rest_route=\/wp\/v2\/posts\/27719\/revisions"}],"predecessor-version":[{"id":27807,"href":"http:\/\/archiv.szolnoktv.hu\/index.php?rest_route=\/wp\/v2\/posts\/27719\/revisions\/27807"}],"wp:attachment":[{"href":"http:\/\/archiv.szolnoktv.hu\/index.php?rest_route=%2Fwp%2Fv2%2Fmedia&parent=27719"}],"wp:term":[{"taxonomy":"category","embeddable":true,"href":"http:\/\/archiv.szolnoktv.hu\/index.php?rest_route=%2Fwp%2Fv2%2Fcategories&post=27719"},{"taxonomy":"post_tag","embeddable":true,"href":"http:\/\/archiv.szolnoktv.hu\/index.php?rest_route=%2Fwp%2Fv2%2Ftags&post=27719"}],"curies":[{"name":"wp","href":"https:\/\/api.w.org\/{rel}","templated":true}]}}