{"id":27718,"date":"2009-03-17T20:45:41","date_gmt":"2009-03-17T20:45:41","guid":{"rendered":"http:\/\/archiv.szolnoktv.hu\/?p=27718"},"modified":"2021-11-11T19:35:58","modified_gmt":"2021-11-11T19:35:58","slug":"tiszaligeti-kozmuepitesek","status":"publish","type":"post","link":"http:\/\/archiv.szolnoktv.hu\/?p=27718","title":{"rendered":"Tiszaligeti k\u00f6zm\u0171\u00e9p\u00edt\u00e9sek"},"content":{"rendered":"<div class='booster-block booster-read-block'><\/div><p>T\u00fal a jav\u00e1n, de nem t\u00fal a nehez\u00e9n. Egy h\u00f3nap m\u00falva befejez\u0151dik a Tiszaliget k\u00f6zm\u0171ves\u00edt\u00e9se. A ligetbe aut\u00f3z\u00f3k sz\u00e1m\u00e1ra azonban a k\u00f6vetkez\u0151 n\u00e9gy h\u00e9t minden eddigin\u00e9l nehezebb lesz.<br \/>\nF\u00e9l \u00e9ve folyik a k\u00f6zm\u0171vek fel\u00faj\u00edt\u00e1sa a Tiszaligetben. A m\u0171szaki- fejleszt\u00e9si oszt\u00e1ly vezet\u0151j\u00e9nek ma volt egy j\u00f3 \u00e9s egy rossz h\u00edre. A k\u00f6vetkez\u0151 sz\u0171k egy h\u00f3napban mindenk\u00e9ppen. A csapad\u00e9kv\u00edzelvezet\u0151- h\u00e1l\u00f3zat kialak\u00edt\u00e1sa miatt a liget f\u0151\u00fatj\u00e1t negyven helyen kell \u00e1tv\u00e1gni. Emiatt elk\u00e9pzelhet\u0151, hogy a h\u00f3nap utols\u00f3 h\u00e9tv\u00e9g\u00e9j\u00e9n teljesen lez\u00e1rj\u00e1k a Tiszaligetet, b\u00e1r ezt a legv\u00e9gs\u0151 esetben tenn\u00e9 meg a kivitelez\u0151. F\u00e9lp\u00e1ly\u00e1s \u00fatlez\u00e1r\u00e1sokra azonban az aut\u00f3soknak fel kell k\u00e9sz\u00fclni\u00fck. Az oszt\u00e1lyvezet\u0151 azt aj\u00e1nlja: a k\u00f6vetkez\u0151 hetekben csak az menjen aut\u00f3val a ligetbe, akinek ez elker\u00fclhetetlen. Az elektromos-, g\u00e1z- \u00e9s v\u00edzvezet\u00e9kek ki\u00e9p\u00edt\u00e9se ut\u00e1n a k\u00f6zm\u0171ves\u00edt\u00e9s sor\u00e1n megrong\u00e1lt j\u00e1rdaszakaszokat, z\u00f6ld ter\u00fcleteket \u00faj\u00edtja fel a kivitelez\u0151. Az oszt\u00e1lyvezet\u0151 \u00edg\u00e9rete szerint m\u00e1jus elsej\u00e9re maj\u00e1lisbar\u00e1t lesz a Tiszaliget.<\/p>\n","protected":false},"excerpt":{"rendered":"<p>T\u00fal a jav\u00e1n, de nem t\u00fal a nehez\u00e9n. Egy h\u00f3nap m\u00falva befejez\u0151dik a Tiszaliget k\u00f6zm\u0171ves\u00edt\u00e9se. A ligetbe aut\u00f3z\u00f3k sz\u00e1m\u00e1ra azonban a k\u00f6vetkez\u0151 n\u00e9gy h\u00e9t minden eddigin\u00e9l nehezebb lesz. F\u00e9l \u00e9ve folyik a k\u00f6zm\u0171vek fel\u00faj\u00edt\u00e1sa a Tiszaligetben. A m\u0171szaki- fejleszt\u00e9si oszt\u00e1ly vezet\u0151j\u00e9nek ma volt egy j\u00f3 \u00e9s egy rossz h\u00edre. A k\u00f6vetkez\u0151 sz\u0171k egy h\u00f3napban mindenk\u00e9ppen. [&hellip;]<\/p>\n","protected":false},"author":2,"featured_media":0,"comment_status":"open","ping_status":"open","sticky":false,"template":"","format":"standard","meta":[],"categories":[22],"tags":[],"_links":{"self":[{"href":"http:\/\/archiv.szolnoktv.hu\/index.php?rest_route=\/wp\/v2\/posts\/27718"}],"collection":[{"href":"http:\/\/archiv.szolnoktv.hu\/index.php?rest_route=\/wp\/v2\/posts"}],"about":[{"href":"http:\/\/archiv.szolnoktv.hu\/index.php?rest_route=\/wp\/v2\/types\/post"}],"author":[{"embeddable":true,"href":"http:\/\/archiv.szolnoktv.hu\/index.php?rest_route=\/wp\/v2\/users\/2"}],"replies":[{"embeddable":true,"href":"http:\/\/archiv.szolnoktv.hu\/index.php?rest_route=%2Fwp%2Fv2%2Fcomments&post=27718"}],"version-history":[{"count":1,"href":"http:\/\/archiv.szolnoktv.hu\/index.php?rest_route=\/wp\/v2\/posts\/27718\/revisions"}],"predecessor-version":[{"id":27808,"href":"http:\/\/archiv.szolnoktv.hu\/index.php?rest_route=\/wp\/v2\/posts\/27718\/revisions\/27808"}],"wp:attachment":[{"href":"http:\/\/archiv.szolnoktv.hu\/index.php?rest_route=%2Fwp%2Fv2%2Fmedia&parent=27718"}],"wp:term":[{"taxonomy":"category","embeddable":true,"href":"http:\/\/archiv.szolnoktv.hu\/index.php?rest_route=%2Fwp%2Fv2%2Fcategories&post=27718"},{"taxonomy":"post_tag","embeddable":true,"href":"http:\/\/archiv.szolnoktv.hu\/index.php?rest_route=%2Fwp%2Fv2%2Ftags&post=27718"}],"curies":[{"name":"wp","href":"https:\/\/api.w.org\/{rel}","templated":true}]}}